{"id":23607,"date":"2024-06-24T08:55:21","date_gmt":"2024-06-24T13:55:21","guid":{"rendered":"https:\/\/newsqr.com.mx\/?p=23607"},"modified":"2024-06-24T13:55:23","modified_gmt":"2024-06-24T13:55:23","slug":"erick-chiquito-sanchez-llegara-a-america-tras-la-copa-america","status":"publish","type":"post","link":"https:\/\/newsqr.com.mx\/?p=23607","title":{"rendered":"Erick &#8216;Chiquito&#8217; S\u00e1nchez llegar\u00e1 a Am\u00e9rica tras la Copa Am\u00e9rica"},"content":{"rendered":"<h4>El volante dejar\u00e1 a los Tuzos y se unir\u00e1 a las \u00c1guilas para el Apertura 2024<\/h4>\n<p>El nuevo refuerzo azulcrema. Am\u00e9rica se alista para una nueva temporada de Liga MX en busca del Tricampeonato y para ello ha finalizado la contrataci\u00f3n del futbolista estrella de Pachuca, Erick S\u00e1nchez.<\/p>\n<p>Todo parec\u00eda indicar que el volante mexicano llegar\u00eda al viejo continente este verano, siempre y cuando Real Oviedo, equipo propiedad de Grupo Pachuca, lograra ascender a la primera divisi\u00f3n del futbol espa\u00f1ol. Ahora, con la derrota ante Espanyol de este domingo y una nueva oferta de Am\u00e9rica, el futuro de S\u00e1nchez est\u00e1 en Coapa.<\/p>\n<p>Carlos Ponce de Le\u00f3n, director de Marca R\u00c9CORD, hab\u00eda adelantado el pasado viernes que las \u00c1guilas hab\u00edan hecho una oferta irrechazable por el velante azteca. Seg\u00fan revel\u00f3 en el programa de Los Informantes en R\u00c9CORD+ la oferta es de 9 millones de d\u00f3lares.<\/p>\n<p>De acuerdo con reportes, Pachuca habr\u00eda aceptado la oferta de las \u00c1guilas y s\u00f3lo faltaba el \u2018s\u00ed\u2019 del futbolista para cerrar el acuerdo. Ahora, el volante habr\u00eda dado ya su respuesta tras el no ascenso de Oviedo a la primera divisi\u00f3n espa\u00f1ola.<\/p>\n<p>S\u00e1nchez estar\u00e1 dejando a los Tuzos tras 187 partidos disputados, donde aport\u00f3 21 goles y 24 asistencias y ayud\u00f3 al equipo a ganar un t\u00edtulo de Liga (AP22), un t\u00edtulo de Liga de Campeones de la Concacaf y un Campe\u00f3n de Campeones.<\/p>\n<p>Se espera que el nuevo fichaje azulcrema se anuncie una vez termine la participaci\u00f3n de la Selecci\u00f3n Mexicana en la Copa Am\u00e9rica, debido a que el volante azteca es parte de la convocatoria Tricolor.<\/p>\n<p>&nbsp;<\/p>\n","protected":false},"excerpt":{"rendered":"<p>El volante dejar\u00e1 a los Tuzos y se unir\u00e1 a las \u00c1guilas para el Apertura&#8230;<\/p>\n","protected":false},"author":1,"featured_media":23609,"comment_status":"open","ping_status":"closed","sticky":false,"template":"","format":"standard","meta":{"footnotes":""},"categories":[5],"tags":[],"class_list":["post-23607","post","type-post","status-publish","format-standard","has-post-thumbnail","hentry","category-deportes"],"_links":{"self":[{"href":"https:\/\/newsqr.com.mx\/index.php?rest_route=\/wp\/v2\/posts\/23607","targetHints":{"allow":["GET"]}}],"collection":[{"href":"https:\/\/newsqr.com.mx\/index.php?rest_route=\/wp\/v2\/posts"}],"about":[{"href":"https:\/\/newsqr.com.mx\/index.php?rest_route=\/wp\/v2\/types\/post"}],"author":[{"embeddable":true,"href":"https:\/\/newsqr.com.mx\/index.php?rest_route=\/wp\/v2\/users\/1"}],"replies":[{"embeddable":true,"href":"https:\/\/newsqr.com.mx\/index.php?rest_route=%2Fwp%2Fv2%2Fcomments&post=23607"}],"version-history":[{"count":1,"href":"https:\/\/newsqr.com.mx\/index.php?rest_route=\/wp\/v2\/posts\/23607\/revisions"}],"predecessor-version":[{"id":23608,"href":"https:\/\/newsqr.com.mx\/index.php?rest_route=\/wp\/v2\/posts\/23607\/revisions\/23608"}],"wp:featuredmedia":[{"embeddable":true,"href":"https:\/\/newsqr.com.mx\/index.php?rest_route=\/wp\/v2\/media\/23609"}],"wp:attachment":[{"href":"https:\/\/newsqr.com.mx\/index.php?rest_route=%2Fwp%2Fv2%2Fmedia&parent=23607"}],"wp:term":[{"taxonomy":"category","embeddable":true,"href":"https:\/\/newsqr.com.mx\/index.php?rest_route=%2Fwp%2Fv2%2Fcategories&post=23607"},{"taxonomy":"post_tag","embeddable":true,"href":"https:\/\/newsqr.com.mx\/index.php?rest_route=%2Fwp%2Fv2%2Ftags&post=23607"}],"curies":[{"name":"wp","href":"https:\/\/api.w.org\/{rel}","templated":true}]}}