{"id":23649,"date":"2024-06-27T08:54:26","date_gmt":"2024-06-27T13:54:26","guid":{"rendered":"https:\/\/newsqr.com.mx\/?p=23649"},"modified":"2024-06-27T13:54:27","modified_gmt":"2024-06-27T13:54:27","slug":"tras-las-lluvias-renacen-lagunas-en-yucatan","status":"publish","type":"post","link":"https:\/\/newsqr.com.mx\/?p=23649","title":{"rendered":"Tras las lluvias, renacen lagunas en Yucat\u00e1n"},"content":{"rendered":"<h4>Tras varios d\u00edas de lluvias en Yucat\u00e1n, diversas \u201clagunas\u201d que en los \u00faltimos meses y hasta a\u00f1os se hab\u00edan mantenido secas han comenzado a \u201crenacer\u201d.<\/h4>\n<p>En el Cuyo, una laguna que en los \u00faltimos a\u00f1os permaneci\u00f3 seca, volvi\u00f3 nacer tras las lluvias.<\/p>\n<p>La zona es ideal para sacar los Kayacs, en un recorrido que va desde 5 a 15 kil\u00f3metros.<\/p>\n<p>\u201cAproximadamente como dos a\u00f1os, esta laguna ac\u00e1 es cuando nosotros tenemos recursos tambi\u00e9n para la UMA, hacemos unos tours de kayac, puede ser desde 5 hasta 15 kil\u00f3metros\u201d, dijo Manuel Reyes S\u00e1nchez.<\/p>\n<p>\u201cEs un proceso natural que dura aproximadamente unos tres a\u00f1os secos y posteriormente se inunda y tarda dos o tres a\u00f1os inundado\u201d Jes\u00fas Bobadilla<\/p>\n<p>En M\u00e9rida, este banco de materiales, abandonado por a\u00f1os, a ra\u00edz del paso de la tormenta tropical Crist\u00f3bal en 2020, se convirti\u00f3 en una \u201claguna artificial\u201d, en medio de la zona urbana y ha sido bautizada como \u201cel Malec\u00f3n de Pensiones\u201d.<\/p>\n<p>Tras los m\u00e1s de 15 d\u00edas de lluvia que han ca\u00eddo en Yucat\u00e1n, el malec\u00f3n urbano vuelve a tomar vida.<\/p>\n<p>\u201cBueno aqu\u00ed lo conocemos como el malec\u00f3n de pensiones porque hace ya por el 2020, 4 a\u00f1os pues se llen\u00f3 de agua y para todos fue un atractivo m\u00e1s\u201d, coment\u00f3 Christian Espadas.<\/p>\n<p>El agua que ha ca\u00eddo en algunas zonas ha sido superior a la que dej\u00f3 el hurac\u00e1n Isidoro en 2002.<\/p>\n<p>Sin embargo en otras zonas, como estas lagunas, la lluvia se ha convertido en bendici\u00f3n, para decenas de especies de fauna y flora que enfrentaron durante los \u00faltimos meses anteriores, una de las peores sequ\u00edas de la historia.<\/p>\n","protected":false},"excerpt":{"rendered":"<p>Tras varios d\u00edas de lluvias en Yucat\u00e1n, diversas \u201clagunas\u201d que en los \u00faltimos meses y&#8230;<\/p>\n","protected":false},"author":1,"featured_media":23651,"comment_status":"open","ping_status":"closed","sticky":false,"template":"","format":"standard","meta":{"footnotes":""},"categories":[2,15],"tags":[],"class_list":["post-23649","post","type-post","status-publish","format-standard","has-post-thumbnail","hentry","category-nacional","category-yucatan"],"_links":{"self":[{"href":"https:\/\/newsqr.com.mx\/index.php?rest_route=\/wp\/v2\/posts\/23649","targetHints":{"allow":["GET"]}}],"collection":[{"href":"https:\/\/newsqr.com.mx\/index.php?rest_route=\/wp\/v2\/posts"}],"about":[{"href":"https:\/\/newsqr.com.mx\/index.php?rest_route=\/wp\/v2\/types\/post"}],"author":[{"embeddable":true,"href":"https:\/\/newsqr.com.mx\/index.php?rest_route=\/wp\/v2\/users\/1"}],"replies":[{"embeddable":true,"href":"https:\/\/newsqr.com.mx\/index.php?rest_route=%2Fwp%2Fv2%2Fcomments&post=23649"}],"version-history":[{"count":1,"href":"https:\/\/newsqr.com.mx\/index.php?rest_route=\/wp\/v2\/posts\/23649\/revisions"}],"predecessor-version":[{"id":23650,"href":"https:\/\/newsqr.com.mx\/index.php?rest_route=\/wp\/v2\/posts\/23649\/revisions\/23650"}],"wp:featuredmedia":[{"embeddable":true,"href":"https:\/\/newsqr.com.mx\/index.php?rest_route=\/wp\/v2\/media\/23651"}],"wp:attachment":[{"href":"https:\/\/newsqr.com.mx\/index.php?rest_route=%2Fwp%2Fv2%2Fmedia&parent=23649"}],"wp:term":[{"taxonomy":"category","embeddable":true,"href":"https:\/\/newsqr.com.mx\/index.php?rest_route=%2Fwp%2Fv2%2Fcategories&post=23649"},{"taxonomy":"post_tag","embeddable":true,"href":"https:\/\/newsqr.com.mx\/index.php?rest_route=%2Fwp%2Fv2%2Ftags&post=23649"}],"curies":[{"name":"wp","href":"https:\/\/api.w.org\/{rel}","templated":true}]}}