{"id":23730,"date":"2024-07-01T15:58:07","date_gmt":"2024-07-01T20:58:07","guid":{"rendered":"https:\/\/newsqr.com.mx\/?p=23730"},"modified":"2024-07-01T20:58:08","modified_gmt":"2024-07-01T20:58:08","slug":"victoria-ruffo-revela-primeros-detalles-de-la-bebe-de-jose-eduardo-y-su-parecido-con-eugenio-derbez","status":"publish","type":"post","link":"https:\/\/newsqr.com.mx\/?p=23730","title":{"rendered":"Victoria Ruffo revela primeros detalles de la beb\u00e9 de Jos\u00e9 Eduardo y su &#8216;parecido&#8217; con Eugenio Derbez"},"content":{"rendered":"<h4>Victoria Ruffo rompi\u00f3 el silencio y revel\u00f3 los primeros detalles del nacimiento de Tessa, la beb\u00e9 de Jos\u00e9 Eduardo Derbez \u00bfse parece a Eugenio Derbez?.<\/h4>\n<p>Tras la revelaci\u00f3n de que Jos\u00e9 Eduardo Derbez y Paola Dalay finalmente le dieron la bienvenida a su beb\u00e9 Tessa, convirti\u00e9ndose en padres por primera vez.<\/p>\n<p>La noticia fue confirmada por la pareja de Jos\u00e9 Eduardo, quien subi\u00f3 la primera imagen de Tessa a redes sociales, sin embargo fue\u00a0Victoria Ruffo, la abuela de la beb\u00e9, quien dio los primeros detalles del nacimiento.<\/p>\n<p>Fue en el matutino &#8216;Sale el Sol&#8217; donde la primera actriz, Victoria Ruffo, revel\u00f3 los primeros detalles del nacimiento de Tessa, la primog\u00e9nita de su hijo Jos\u00e9 Eduardo Derbez, durante una breve declaraci\u00f3n a Gustavo Adolfo Infante.<\/p>\n<p>En su revelaci\u00f3n, Victoria comparti\u00f3 su felicidad por el nacimiento de su nieta, destacando su belleza y fragilidad como una beb\u00e9 reci\u00e9n nacida.<\/p>\n<p>\u00abS\u00ed, la verdad estoy feliz, muy contenta de que todo sali\u00f3 bien, de que est\u00e1 hermosa, preciosa\u00bb, dijo Ruffo.<br \/>\nAdem\u00e1s, la actriz mencion\u00f3 que Jos\u00e9 Eduardo est\u00e1 extremadamente feliz y que su novia, Paola Dalay, no tuvo ninguna complicaci\u00f3n durante el parto, encontr\u00e1ndose ambas en perfectas condiciones.<\/p>\n<p>\u00abJos\u00e9 Eduardo est\u00e1 feliz y Paola est\u00e1 muy bien. \u00a1Ay, la verdad muy contentos! Qu\u00e9 te puedo decir, son bendiciones de Dios, gracias\u00bb, agreg\u00f3 Victoria.<br \/>\nLa llegada de Tessa ha llenado de alegr\u00eda a la familia, y Ruffo no dej\u00f3 de expresar su agradecimiento y felicidad por este nuevo cap\u00edtulo en sus vidas.<\/p>\n<p>En los \u00faltimos meses, el p\u00fablico ha estado atento a las declaraciones de Victoria Ruffo, quien en tono de broma expres\u00f3 su temor de que su nieta tuviera un parecido f\u00edsico con Eugenio Derbez.<\/p>\n<p>Con el reciente nacimiento de Tessa, Ruffo aclar\u00f3 algunas dudas, destacando que la beb\u00e9 ha heredado la caracter\u00edstica barbilla partida, similar a la de Jos\u00e9 Eduardo y a la mayor\u00eda de los miembros de la familia Derbez.<\/p>\n<p>\u00abEs muy tranquila y tiene su barba partida, partida, partida. Bueno, pues es una vida nueva en la familia recibida con todo el amor\u00bb, coment\u00f3 Victoria Ruffo, evidenciando su entusiasmo por el nacimiento de su nieta.<br \/>\nA pesar de la curiosidad p\u00fablica, la actriz no revel\u00f3 detalles sobre el posible reencuentro con su ex esposo, Eugenio Derbez durante el nacimiento de Tessa.<\/p>\n<p>Por su parte, los conductores del programa &#8216;Sale el Sol&#8217; enviaron felicitaciones a la familia por la llegada de la nueva integrante.<\/p>\n<p>Adem\u00e1s, destacaron el detalle de la barbilla partida de la beb\u00e9, comentando sobre la fuerza de los genes de Eugenio Derbez. \u00abSi naci\u00f3 con la barbita partida\u00bb, dijo Gustavo Adolfo Infante, a lo que se respondi\u00f3: \u00abEl gen de Eugenio es fuerte, todos se parecen\u00bb.<\/p>\n<p><img loading=\"lazy\" decoding=\"async\" class=\"alignnone size-medium wp-image-48126\" src=\"https:\/\/newsqr.com.mx\/wp-content\/uploads\/2024\/07\/WhatsApp-Image-2024-07-01-at-14.45.05.jpeg\" alt=\"\" width=\"239\" height=\"300\" \/><\/p>\n","protected":false},"excerpt":{"rendered":"<p>Victoria Ruffo rompi\u00f3 el silencio y revel\u00f3 los primeros detalles del nacimiento de Tessa, la&#8230;<\/p>\n","protected":false},"author":1,"featured_media":23732,"comment_status":"open","ping_status":"closed","sticky":false,"template":"","format":"standard","meta":{"footnotes":""},"categories":[3],"tags":[],"class_list":["post-23730","post","type-post","status-publish","format-standard","has-post-thumbnail","hentry","category-espectaculos"],"_links":{"self":[{"href":"https:\/\/newsqr.com.mx\/index.php?rest_route=\/wp\/v2\/posts\/23730","targetHints":{"allow":["GET"]}}],"collection":[{"href":"https:\/\/newsqr.com.mx\/index.php?rest_route=\/wp\/v2\/posts"}],"about":[{"href":"https:\/\/newsqr.com.mx\/index.php?rest_route=\/wp\/v2\/types\/post"}],"author":[{"embeddable":true,"href":"https:\/\/newsqr.com.mx\/index.php?rest_route=\/wp\/v2\/users\/1"}],"replies":[{"embeddable":true,"href":"https:\/\/newsqr.com.mx\/index.php?rest_route=%2Fwp%2Fv2%2Fcomments&post=23730"}],"version-history":[{"count":1,"href":"https:\/\/newsqr.com.mx\/index.php?rest_route=\/wp\/v2\/posts\/23730\/revisions"}],"predecessor-version":[{"id":23731,"href":"https:\/\/newsqr.com.mx\/index.php?rest_route=\/wp\/v2\/posts\/23730\/revisions\/23731"}],"wp:featuredmedia":[{"embeddable":true,"href":"https:\/\/newsqr.com.mx\/index.php?rest_route=\/wp\/v2\/media\/23732"}],"wp:attachment":[{"href":"https:\/\/newsqr.com.mx\/index.php?rest_route=%2Fwp%2Fv2%2Fmedia&parent=23730"}],"wp:term":[{"taxonomy":"category","embeddable":true,"href":"https:\/\/newsqr.com.mx\/index.php?rest_route=%2Fwp%2Fv2%2Fcategories&post=23730"},{"taxonomy":"post_tag","embeddable":true,"href":"https:\/\/newsqr.com.mx\/index.php?rest_route=%2Fwp%2Fv2%2Ftags&post=23730"}],"curies":[{"name":"wp","href":"https:\/\/api.w.org\/{rel}","templated":true}]}}