{"id":23733,"date":"2024-07-01T16:22:11","date_gmt":"2024-07-01T21:22:11","guid":{"rendered":"https:\/\/newsqr.com.mx\/?p=23733"},"modified":"2024-07-01T21:22:12","modified_gmt":"2024-07-01T21:22:12","slug":"daniela-romo-madrina-de-las-200-funciones-el-mago","status":"publish","type":"post","link":"https:\/\/newsqr.com.mx\/?p=23733","title":{"rendered":"Daniela Romo, madrina de las 200 funciones El Mago"},"content":{"rendered":"<h4>El productor Juan Torres dedic\u00f3 la obra a la productora Tina Galindo. Lucerito Mijares adelant\u00f3 que viene una colaboraci\u00f3n con Lalo Capetillo.<\/h4>\n<p>El Mago entra a su recta final; la obra protagonizada por Lucero Mijares cumpli\u00f3 un a\u00f1o en cartelera y para celebrarlo tuvo como madrina a Daniela Romo, quien agradeci\u00f3 la invitaci\u00f3n del productor Juan Torres y aplaudi\u00f3 el trabajo de todo el elenco en este musical.<\/p>\n<p>\u201cPido un aplauso para esta gran compa\u00f1\u00eda\u2026 Lucero tiene el talento, la educaci\u00f3n que le dieron sus padres la tiene y las ganas le deseo que la vida le depare un futuro esplendoroso y que sea un camino amarillo gasta el arco\u00edris hasta la luz m\u00e1s grande\u00bb, coment\u00f3 Daniela antes de entrar a ver la obra.<\/p>\n<p>Cuando subi\u00f3 a develar la placa, la cantante abraz\u00f3 cari\u00f1osamente a Mar\u00eda del Sol, su gran amiga, a quien admira por su talento; luego se acerc\u00f3 a Lucero Mijares y antes de develar la placa hizo una reverencia en el escenario.<\/p>\n<p>\u201cEs un obra dif\u00edcil, Lucero est\u00e1s fant\u00e1stica y quiero que tu camino amarillo sea a\u00fan m\u00e1s largo, que haya siempre luz para tus pasos aunque no traigas tus zapatitos, con esa luz en tus pasos y en tu coraz\u00f3n, inteligencia para llevarlo adelante y tu valent\u00eda que tuviste con tu pata rota, gracias por ser Dorothy\u201d, dijo.<\/p>\n<p>El productor Juan Torres tambi\u00e9n dedic\u00f3 la obra a la productora Tina Galindo, quien falleci\u00f3 hace cinco meses y asegur\u00f3 que la butaca en la que estuvo sentada Daniela Romo llevar\u00e1 su nombre. En entrevista con MILENIO habl\u00f3 de esta puesta y el aprendizaje que le deja un musical de esta magnitud.<\/p>\n<p>\u201cEsta placa est\u00e1 dedicada a una gran productora, una mujer adelantada a su \u00e9poca y que cuid\u00f3 a la gente hasta el \u00faltimo d\u00eda, quiso mucho al teatro, luch\u00f3 por el gremio de los productores y conseguir el bien com\u00fan. Esta noche adem\u00e1s de la placa, le dedicamos la butaca, que llevar\u00e1 su nombre, \u00a1qu\u00e9 viva la gran productora Tina Galindo, gracias por esto y mucho m\u00e1s!\u201d, asegur\u00f3.<\/p>\n<p>La obra le dej\u00f3 un gran aprendizaje a Torres porque se enfrent\u00f3 a\u00a0diferentes retos, como crear una escenograf\u00eda que no s\u00f3lo fuera vistosa sino que resultara eficiente, modificando el escenario del teatro.<\/p>\n<p>\u201cHa sido la experiencia m\u00e1s incre\u00edble y dura en mi carrera, me hizo recordar que no hay l\u00edmites ni imposibles, porque todo se puede con trabajo. Me desafi\u00f3 la producci\u00f3n en el proceso, hubo retos y obst\u00e1culos; transformamos el teatro Hidalgo en tres meses con dobles giratorios y me siento muy afortunado por cumplir un a\u00f1o\u201d, comparti\u00f3.<\/p>\n<p>Lucero Mijares asegur\u00f3 sentirse emocionada y feliz por cumplir un a\u00f1o en cartelera y por tener una madrina como Daniela Romo, a quien considera como de su familia porque se conocen desde hace muchos a\u00f1os.<\/p>\n<p>\u201cEs impresionante seguir en El Mago, pens\u00e9 que se nos iba a acabar; afortunadamente seguimos aqu\u00ed y ya nos vamos por lo que estoy muy triste, pero muy agradecida con todos\u2026 Voy a seguir con la m\u00fasica, hacer un disco y seguir estudiando. Van a haber m\u00e1s colaboraciones musicales, viene una con Lalo Capetillo, estoy feliz y agradecida de que me haya escogido para cantar una cumbia norte\u00f1a, que van a ser un bombazo\u201d.<\/p>\n","protected":false},"excerpt":{"rendered":"<p>El productor Juan Torres dedic\u00f3 la obra a la productora Tina Galindo. Lucerito Mijares adelant\u00f3&#8230;<\/p>\n","protected":false},"author":1,"featured_media":23735,"comment_status":"open","ping_status":"closed","sticky":false,"template":"","format":"standard","meta":{"footnotes":""},"categories":[3],"tags":[],"class_list":["post-23733","post","type-post","status-publish","format-standard","has-post-thumbnail","hentry","category-espectaculos"],"_links":{"self":[{"href":"https:\/\/newsqr.com.mx\/index.php?rest_route=\/wp\/v2\/posts\/23733","targetHints":{"allow":["GET"]}}],"collection":[{"href":"https:\/\/newsqr.com.mx\/index.php?rest_route=\/wp\/v2\/posts"}],"about":[{"href":"https:\/\/newsqr.com.mx\/index.php?rest_route=\/wp\/v2\/types\/post"}],"author":[{"embeddable":true,"href":"https:\/\/newsqr.com.mx\/index.php?rest_route=\/wp\/v2\/users\/1"}],"replies":[{"embeddable":true,"href":"https:\/\/newsqr.com.mx\/index.php?rest_route=%2Fwp%2Fv2%2Fcomments&post=23733"}],"version-history":[{"count":1,"href":"https:\/\/newsqr.com.mx\/index.php?rest_route=\/wp\/v2\/posts\/23733\/revisions"}],"predecessor-version":[{"id":23734,"href":"https:\/\/newsqr.com.mx\/index.php?rest_route=\/wp\/v2\/posts\/23733\/revisions\/23734"}],"wp:featuredmedia":[{"embeddable":true,"href":"https:\/\/newsqr.com.mx\/index.php?rest_route=\/wp\/v2\/media\/23735"}],"wp:attachment":[{"href":"https:\/\/newsqr.com.mx\/index.php?rest_route=%2Fwp%2Fv2%2Fmedia&parent=23733"}],"wp:term":[{"taxonomy":"category","embeddable":true,"href":"https:\/\/newsqr.com.mx\/index.php?rest_route=%2Fwp%2Fv2%2Fcategories&post=23733"},{"taxonomy":"post_tag","embeddable":true,"href":"https:\/\/newsqr.com.mx\/index.php?rest_route=%2Fwp%2Fv2%2Ftags&post=23733"}],"curies":[{"name":"wp","href":"https:\/\/api.w.org\/{rel}","templated":true}]}}