{"id":23745,"date":"2024-07-02T09:03:08","date_gmt":"2024-07-02T14:03:08","guid":{"rendered":"https:\/\/newsqr.com.mx\/?p=23745"},"modified":"2024-07-02T14:03:09","modified_gmt":"2024-07-02T14:03:09","slug":"samo-integrante-del-grupo-camila-denuncia-asalto-en-las-calles-de-la-cdmx-lleno-de-impotencia","status":"publish","type":"post","link":"https:\/\/newsqr.com.mx\/?p=23745","title":{"rendered":"Samo, integrante del grupo Camila, denuncia  asalto en las calles de la CDMX; \u00ablleno de impotencia\u00bb"},"content":{"rendered":"<h4>El cantante comparti\u00f3 en su cuenta de X que delincuentes rompieron el cristal de su veh\u00edculo y le robaron en las calles de la Condesa, en la Ciudad de M\u00e9xico.<\/h4>\n<p>Samo, integrante del grupo Camila, comparti\u00f3 en sus redes sociales un video en donde denuncia p\u00fablicamente haber sido v\u00edctima de la delincuencia en las calles de la Ciudad de M\u00e9xico pues sufri\u00f3 de un asalto en su veh\u00edculo.<\/p>\n<p>En el video que el cantante comparti\u00f3 en su cuenta de X se puede observar c\u00f3mo qued\u00f3 la unidad luego de que el o los delincuentes rompieron uno de los cristales para sacar sus pertenencias. \u00c9sta fue la reacci\u00f3n de Samo tras ser v\u00edctima de la delincuencia.<\/p>\n<p>Samo comparti\u00f3 un breve clip en su cuenta de X donde muestra que su veh\u00edculo tiene uno de los vidrios traseros rotos luego de que ladrones lo rompieran para sustraer sus pertenencias.<\/p>\n<p>De acuerdo con lo que coment\u00f3 Samo en el video, lament\u00f3 la inseguridad que se vive en la Ciudad de M\u00e9xico e hizo un llamado a las autoridades para reforzar la seguridad, adem\u00e1s explic\u00f3 que el hecho ocurri\u00f3 en las calles de la colonia Condesa, en la capital del pa\u00eds.<\/p>\n<p>\u00abLa inseguridad en esta ciudad es una cosa con la que ya no se puede lidiar. Es impresionante como la seguridad en esta ciudad se necesita reforzar pues nos acaban de asaltar en la Condesa\u00bb.<br \/>\nEl cantante del grupo Camila relat\u00f3 que los delincuentes se llevaron de la camioneta computadoras y herramientas de trabajo, asimismo se dijo estar lleno de impotencia tras lo ocurrido.<\/p>\n<p>\u00abSacaron de nuevo computadoras y herramientas de trabajo que ten\u00edamos aqu\u00ed, la verdad, simplemente puedo decirles que me siento lleno de mucha impotencia\u00bb.<\/p>\n<p>Hasta el momento, el cantautor no ha dado a conocer m\u00e1s informaci\u00f3n y detalles del asalto que sufri\u00f3; sin embargo, en la publicaci\u00f3n en la que comparti\u00f3 el video etiquet\u00f3 a la\u00a0Secretar\u00eda de Seguridad y Protecci\u00f3n Ciudadana, y a la titular de la secretar\u00eda, Rosa Icela Rodr\u00edguez.<\/p>\n","protected":false},"excerpt":{"rendered":"<p>El cantante comparti\u00f3 en su cuenta de X que delincuentes rompieron el cristal de su&#8230;<\/p>\n","protected":false},"author":1,"featured_media":23747,"comment_status":"open","ping_status":"closed","sticky":false,"template":"","format":"standard","meta":{"footnotes":""},"categories":[3],"tags":[],"class_list":["post-23745","post","type-post","status-publish","format-standard","has-post-thumbnail","hentry","category-espectaculos"],"_links":{"self":[{"href":"https:\/\/newsqr.com.mx\/index.php?rest_route=\/wp\/v2\/posts\/23745","targetHints":{"allow":["GET"]}}],"collection":[{"href":"https:\/\/newsqr.com.mx\/index.php?rest_route=\/wp\/v2\/posts"}],"about":[{"href":"https:\/\/newsqr.com.mx\/index.php?rest_route=\/wp\/v2\/types\/post"}],"author":[{"embeddable":true,"href":"https:\/\/newsqr.com.mx\/index.php?rest_route=\/wp\/v2\/users\/1"}],"replies":[{"embeddable":true,"href":"https:\/\/newsqr.com.mx\/index.php?rest_route=%2Fwp%2Fv2%2Fcomments&post=23745"}],"version-history":[{"count":1,"href":"https:\/\/newsqr.com.mx\/index.php?rest_route=\/wp\/v2\/posts\/23745\/revisions"}],"predecessor-version":[{"id":23746,"href":"https:\/\/newsqr.com.mx\/index.php?rest_route=\/wp\/v2\/posts\/23745\/revisions\/23746"}],"wp:featuredmedia":[{"embeddable":true,"href":"https:\/\/newsqr.com.mx\/index.php?rest_route=\/wp\/v2\/media\/23747"}],"wp:attachment":[{"href":"https:\/\/newsqr.com.mx\/index.php?rest_route=%2Fwp%2Fv2%2Fmedia&parent=23745"}],"wp:term":[{"taxonomy":"category","embeddable":true,"href":"https:\/\/newsqr.com.mx\/index.php?rest_route=%2Fwp%2Fv2%2Fcategories&post=23745"},{"taxonomy":"post_tag","embeddable":true,"href":"https:\/\/newsqr.com.mx\/index.php?rest_route=%2Fwp%2Fv2%2Ftags&post=23745"}],"curies":[{"name":"wp","href":"https:\/\/api.w.org\/{rel}","templated":true}]}}