{"id":23794,"date":"2024-07-04T09:19:13","date_gmt":"2024-07-04T14:19:13","guid":{"rendered":"https:\/\/newsqr.com.mx\/?p=23794"},"modified":"2024-07-04T14:19:14","modified_gmt":"2024-07-04T14:19:14","slug":"aeropuerto-de-tulum-estara-cerrado-hasta-que-pase-el-huracan-beryl","status":"publish","type":"post","link":"https:\/\/newsqr.com.mx\/?p=23794","title":{"rendered":"Aeropuerto de Tulum estar\u00e1 cerrado hasta que pase el hurac\u00e1n Beryl"},"content":{"rendered":"<h4>\u00a0A partir de las 2 de la tarde de este jueves, el tr\u00e1fico a\u00e9reo ser\u00e1 suspendido<\/h4>\n<p>A unas horas de que el hurac\u00e1n Beryl toque suelo mexicano, el Aeropuerto Internacional de Tulum, en Quintana Roo, decidi\u00f3 cerrar sus instalaciones para evitar alg\u00fan accidente o tragedia a\u00e9rea.<\/p>\n<p>En un comunicado se dio a conocer que desde este jueves por la tarde se suspender\u00e1n los trabajos y tr\u00e1fico a\u00e9reo, y todo se reanudar\u00e1 tres d\u00edas despu\u00e9s.<\/p>\n<p>\u201cA la comunidad aeroportuaria, se le hace de su conocimiento que, debido a las condiciones meteorol\u00f3gicas del hurac\u00e1n Beryl que se pronostican para este aeropuerto, las operaciones se suspenden de las 14:00 horas locales del 4 de julio a las 12:00 horas del 7 de julio\u201d, mencionaron.<\/p>\n<p>Aeropuerto de Tulum no es refugio<br \/>\nLa misma direcci\u00f3n del aeropuerto Felipe Carrillo Puerto hizo un llamado a las personas para que no acudan a sus instalaciones a refugiarse debido a que no es seguro.<\/p>\n<p>A los trabajadores del lugar se les pidi\u00f3 resguarda documentos importantes y quitar todo objeto que pueda servir como proyectil, debido a que esperan vientos de 120 a 140 kil\u00f3metros por hora.<\/p>\n<p>\u201cSi su vuelo estaba programado durante las fechas del 4 al 7 de julio y no se encuentra en la relaci\u00f3n anterior, con el fin de salvaguardar su integridad f\u00edsica, se recomienda no asistir a este aeropuerto y ponerse en contacto con su aerol\u00ednea\u201d, finalizaron.<\/p>\n","protected":false},"excerpt":{"rendered":"<p>\u00a0A partir de las 2 de la tarde de este jueves, el tr\u00e1fico a\u00e9reo ser\u00e1&#8230;<\/p>\n","protected":false},"author":1,"featured_media":0,"comment_status":"open","ping_status":"closed","sticky":false,"template":"","format":"standard","meta":{"footnotes":""},"categories":[10,4],"tags":[],"class_list":["post-23794","post","type-post","status-publish","format-standard","hentry","category-local","category-quintana-roo"],"_links":{"self":[{"href":"https:\/\/newsqr.com.mx\/index.php?rest_route=\/wp\/v2\/posts\/23794","targetHints":{"allow":["GET"]}}],"collection":[{"href":"https:\/\/newsqr.com.mx\/index.php?rest_route=\/wp\/v2\/posts"}],"about":[{"href":"https:\/\/newsqr.com.mx\/index.php?rest_route=\/wp\/v2\/types\/post"}],"author":[{"embeddable":true,"href":"https:\/\/newsqr.com.mx\/index.php?rest_route=\/wp\/v2\/users\/1"}],"replies":[{"embeddable":true,"href":"https:\/\/newsqr.com.mx\/index.php?rest_route=%2Fwp%2Fv2%2Fcomments&post=23794"}],"version-history":[{"count":1,"href":"https:\/\/newsqr.com.mx\/index.php?rest_route=\/wp\/v2\/posts\/23794\/revisions"}],"predecessor-version":[{"id":23795,"href":"https:\/\/newsqr.com.mx\/index.php?rest_route=\/wp\/v2\/posts\/23794\/revisions\/23795"}],"wp:attachment":[{"href":"https:\/\/newsqr.com.mx\/index.php?rest_route=%2Fwp%2Fv2%2Fmedia&parent=23794"}],"wp:term":[{"taxonomy":"category","embeddable":true,"href":"https:\/\/newsqr.com.mx\/index.php?rest_route=%2Fwp%2Fv2%2Fcategories&post=23794"},{"taxonomy":"post_tag","embeddable":true,"href":"https:\/\/newsqr.com.mx\/index.php?rest_route=%2Fwp%2Fv2%2Ftags&post=23794"}],"curies":[{"name":"wp","href":"https:\/\/api.w.org\/{rel}","templated":true}]}}