{"id":23831,"date":"2024-07-05T12:19:07","date_gmt":"2024-07-05T17:19:07","guid":{"rendered":"https:\/\/newsqr.com.mx\/?p=23831"},"modified":"2024-07-05T17:19:08","modified_gmt":"2024-07-05T17:19:08","slug":"felix-sanchez-es-despedido-como-director-tecnico-de-ecuador-tras-eliminacion-de-copa-america","status":"publish","type":"post","link":"https:\/\/newsqr.com.mx\/?p=23831","title":{"rendered":"F\u00e9lix S\u00e1nchez es despedido como director t\u00e9cnico de Ecuador tras eliminaci\u00f3n de Copa Am\u00e9rica"},"content":{"rendered":"<h4>El entrenador de Espa\u00f1a se va del cargo a poco m\u00e1s de un a\u00f1o de su llegada pese a que ten\u00eda contrato vigente.<\/h4>\n<p>La Federaci\u00f3n Ecuatoriana de Futbol (FEF) ha anunciado, mediante un comunicado emitido pasada la medianoche, que el espa\u00f1ol F\u00e9lix S\u00e1nchez deja de ser el seleccionador de la Tricolor.<\/p>\n<p>S\u00e1nchez no quiso confirmar tal extremo en la rueda de prensa porque, seg\u00fan dijo, no era \u00abel momento cuando se est\u00e1 digiriendo la derrota (frente a Argentina) adem\u00e1s en una tanda de penaltis, que es m\u00e1s doloroso\u00bb.<\/p>\n<p>Una hora despu\u00e9s, la FEF emiti\u00f3 un comunicado en el anunciaba que \u00abse ha acordado la terminaci\u00f3n del v\u00ednculo contractual con el director t\u00e9cnico F\u00e9lix S\u00e1nchez\u00bb.<\/p>\n<p>\u00abAgradecemos a F\u00e9lix y su cuerpo t\u00e9cnico por su trabajo, profesionalismo y le deseamos \u00e9xito en sus futuros proyectos\u00bb, terminaba el comunicado.<\/p>\n<p>F\u00e9lix S\u00e1nchez Bas fue contratado por la Federaci\u00f3n Ecuatoriana en marzo del pasado a\u00f1o, con un v\u00ednculo hasta 2026, pero ha encontrado una fuerte oposici\u00f3n a su gesti\u00f3n por una parte de la afici\u00f3n y los medios ecuatorianos.<\/p>\n<p>El t\u00e9cnico ecuatoriano deja la &#8216;Tri&#8217; en puestos de clasificaci\u00f3n al pr\u00f3ximo Mundial, quinta, y tras haber alcanzado los cuartos de final de la Copa Am\u00e9rica, dando la mejor imagen en el \u00faltimo partido, en el que llev\u00f3 al l\u00edmite a Argentina, la campeona del mundo, que solo pudo imponerse en la tanda de penaltis.<\/p>\n","protected":false},"excerpt":{"rendered":"<p>El entrenador de Espa\u00f1a se va del cargo a poco m\u00e1s de un a\u00f1o de&#8230;<\/p>\n","protected":false},"author":1,"featured_media":23833,"comment_status":"open","ping_status":"closed","sticky":false,"template":"","format":"standard","meta":{"footnotes":""},"categories":[5],"tags":[],"class_list":["post-23831","post","type-post","status-publish","format-standard","has-post-thumbnail","hentry","category-deportes"],"_links":{"self":[{"href":"https:\/\/newsqr.com.mx\/index.php?rest_route=\/wp\/v2\/posts\/23831","targetHints":{"allow":["GET"]}}],"collection":[{"href":"https:\/\/newsqr.com.mx\/index.php?rest_route=\/wp\/v2\/posts"}],"about":[{"href":"https:\/\/newsqr.com.mx\/index.php?rest_route=\/wp\/v2\/types\/post"}],"author":[{"embeddable":true,"href":"https:\/\/newsqr.com.mx\/index.php?rest_route=\/wp\/v2\/users\/1"}],"replies":[{"embeddable":true,"href":"https:\/\/newsqr.com.mx\/index.php?rest_route=%2Fwp%2Fv2%2Fcomments&post=23831"}],"version-history":[{"count":1,"href":"https:\/\/newsqr.com.mx\/index.php?rest_route=\/wp\/v2\/posts\/23831\/revisions"}],"predecessor-version":[{"id":23832,"href":"https:\/\/newsqr.com.mx\/index.php?rest_route=\/wp\/v2\/posts\/23831\/revisions\/23832"}],"wp:featuredmedia":[{"embeddable":true,"href":"https:\/\/newsqr.com.mx\/index.php?rest_route=\/wp\/v2\/media\/23833"}],"wp:attachment":[{"href":"https:\/\/newsqr.com.mx\/index.php?rest_route=%2Fwp%2Fv2%2Fmedia&parent=23831"}],"wp:term":[{"taxonomy":"category","embeddable":true,"href":"https:\/\/newsqr.com.mx\/index.php?rest_route=%2Fwp%2Fv2%2Fcategories&post=23831"},{"taxonomy":"post_tag","embeddable":true,"href":"https:\/\/newsqr.com.mx\/index.php?rest_route=%2Fwp%2Fv2%2Ftags&post=23831"}],"curies":[{"name":"wp","href":"https:\/\/api.w.org\/{rel}","templated":true}]}}