{"id":23918,"date":"2024-07-09T10:14:36","date_gmt":"2024-07-09T15:14:36","guid":{"rendered":"https:\/\/newsqr.com.mx\/?p=23918"},"modified":"2024-07-09T15:14:38","modified_gmt":"2024-07-09T15:14:38","slug":"caso-de-estatua-de-poseidon-de-yucatan-llega-ante-un-juez-federal","status":"publish","type":"post","link":"https:\/\/newsqr.com.mx\/?p=23918","title":{"rendered":"Caso de estatua de Poseid\u00f3n de Yucat\u00e1n llega ante un juez federal"},"content":{"rendered":"<h4>Una persona con ascendencia ind\u00edgena, present\u00f3 una demanda de amparo para que la estatua de Poseid\u00f3n sea retirada porque menoscaba su derecho a la preservaci\u00f3n de su cultura.<\/h4>\n<p>Con el argumento que menoscaba su derecho a la preservaci\u00f3n de la cultura maya, un hombre identificado como Carlos Orlando P\u00e9rez Zald\u00edvar present\u00f3 una demanda de amparo ante un juez federal en M\u00e9rida, Yucat\u00e1n, para que orden quitar la estatua de Poseid\u00f3n, instalada en el puerto de Progreso.<\/p>\n<p>Ante esta situaci\u00f3n, el juzgado determinar\u00e1 si se retira la estatua de Poseid\u00f3n o se deja.<\/p>\n<p>De acuerdo con un documento publicado por Litigio Estrat\u00e9gico Ind\u00edgena A.C., P\u00e9rez Zald\u00edvar, un ind\u00edgena mayahablante, reclama jur\u00eddicamente la instalaci\u00f3n de la estatua de Poseid\u00f3n, que han provocado ser tema a nivel nacional.<\/p>\n<p>De acuerdo con algunas publicaciones, el dios maya de la lluvia, Chaac, se habr\u00eda \u201cenojado\u201d por la instalaci\u00f3n de la estatua de Poseid\u00f3n y mando una serie de tormentas en la Pen\u00ednsula de Yucat\u00e1n, incluyendo el hurac\u00e1n Beryl.<\/p>\n<p>La demanda de amparo, se explica que Juli\u00e1n Zacar\u00edas Curi, presidente municipal de Progreso, orden\u00f3 instalar una estatua de Poseid\u00f3n en la zona denominada Play\u00f3n, con las coordenadas 21\u00b017&#8217;09&#8243;N 89\u00b040&#8217;16&#8243;W y que eso menoscaba su derecho a la preservaci\u00f3n de su cultura maya.<\/p>\n<p>En la demanda indic\u00f3 que en la mitolog\u00eda griega, Poseid\u00f3n, hermano de Zeus y de Hades, representado como caballo y a veces con un tridente,\u00a0es el dios de los mares y agitador de la tierra.<\/p>\n<p>\u201cPoseid\u00f3n, es una deidad griega ajena a nuestra cultura maya. En nuestra cultura maya, Chaac es el dios de la lluvia y del agua: Chaac (del maya yucateco: Ch\u00e1ak,\u00a0lluvia) fue un importante dios maya, vinculado con el agua y sobre todo con la lluvia. Similar al Tl\u00e1loc nahua, al Pitao Cocijo zapoteca y al Dzahui mixteca\u201d, dice el documento.<\/p>\n<p>Se detalla que la colocaci\u00f3n de la estatua, afecta su derecho humano a la preservaci\u00f3n de la cultura ind\u00edgena, agregando, que est\u00e1 previsto en el Art\u00edculo 2, fracci\u00f3n IV, de la Constituci\u00f3n Federal: \u201clas autoridades tienen el deber constitucional de preservar la cultura maya sobre culturas extra\u00f1as\u201d.<\/p>\n<p>\u201cTengo el derecho humano a que mi cultura maya sea preservada. Si exist\u00eda el inter\u00e9s de honrar al dios del agua, de las lluvias y de los mares, nuestra cultura maya tiene consigo a sus propias deidades\u201d, abunda el documento.<\/p>\n<p>Carlos Morales, abogado de Litigio Estrat\u00e9gico Ind\u00edgena\u2013Asociaci\u00f3n civil oaxaque\u00f1a, explic\u00f3: \u201cla instalaci\u00f3n de la estatua de Poseid\u00f3n en el mar de Yucat\u00e1n, ni siquiera es original, es una burda imitaci\u00f3n de la que se instal\u00f3 en la playa de Melenara, en Gran Canaria, Espa\u00f1a; el gran Neptuno, que con 4.20 metros de altura, es un atractivo para los visitantes.\u201d<\/p>\n<p>\u201cComo persona ind\u00edgena maya tengo el derecho a que se privilegie la preservaci\u00f3n de mi cultura, gastronom\u00eda, deidades, lugares sagrados, monumentos, etc\u00e9tera. Este derecho me lo otorga el Art\u00edculo 2, apartado A, fracci\u00f3n IV, tengo el derecho a la preservaci\u00f3n de mi cultura. El dios Chaac forma parte de mi cultura maya\u201d, refiere\u00a0la demanda, P\u00e9rez Zald\u00edvar.<\/p>\n<p>El demandante explica que la inclusi\u00f3n de un elemento extra\u00f1o al mar de la pen\u00ednsula afecta por lo menos uno de los servicios ambientales: el paisaje.<\/p>\n","protected":false},"excerpt":{"rendered":"<p>Una persona con ascendencia ind\u00edgena, present\u00f3 una demanda de amparo para que la estatua de&#8230;<\/p>\n","protected":false},"author":1,"featured_media":23920,"comment_status":"open","ping_status":"closed","sticky":false,"template":"","format":"standard","meta":{"footnotes":""},"categories":[2,15],"tags":[],"class_list":["post-23918","post","type-post","status-publish","format-standard","has-post-thumbnail","hentry","category-nacional","category-yucatan"],"_links":{"self":[{"href":"https:\/\/newsqr.com.mx\/index.php?rest_route=\/wp\/v2\/posts\/23918","targetHints":{"allow":["GET"]}}],"collection":[{"href":"https:\/\/newsqr.com.mx\/index.php?rest_route=\/wp\/v2\/posts"}],"about":[{"href":"https:\/\/newsqr.com.mx\/index.php?rest_route=\/wp\/v2\/types\/post"}],"author":[{"embeddable":true,"href":"https:\/\/newsqr.com.mx\/index.php?rest_route=\/wp\/v2\/users\/1"}],"replies":[{"embeddable":true,"href":"https:\/\/newsqr.com.mx\/index.php?rest_route=%2Fwp%2Fv2%2Fcomments&post=23918"}],"version-history":[{"count":1,"href":"https:\/\/newsqr.com.mx\/index.php?rest_route=\/wp\/v2\/posts\/23918\/revisions"}],"predecessor-version":[{"id":23919,"href":"https:\/\/newsqr.com.mx\/index.php?rest_route=\/wp\/v2\/posts\/23918\/revisions\/23919"}],"wp:featuredmedia":[{"embeddable":true,"href":"https:\/\/newsqr.com.mx\/index.php?rest_route=\/wp\/v2\/media\/23920"}],"wp:attachment":[{"href":"https:\/\/newsqr.com.mx\/index.php?rest_route=%2Fwp%2Fv2%2Fmedia&parent=23918"}],"wp:term":[{"taxonomy":"category","embeddable":true,"href":"https:\/\/newsqr.com.mx\/index.php?rest_route=%2Fwp%2Fv2%2Fcategories&post=23918"},{"taxonomy":"post_tag","embeddable":true,"href":"https:\/\/newsqr.com.mx\/index.php?rest_route=%2Fwp%2Fv2%2Ftags&post=23918"}],"curies":[{"name":"wp","href":"https:\/\/api.w.org\/{rel}","templated":true}]}}