{"id":24064,"date":"2024-07-16T10:36:44","date_gmt":"2024-07-16T15:36:44","guid":{"rendered":"https:\/\/newsqr.com.mx\/?p=24064"},"modified":"2024-07-16T15:36:46","modified_gmt":"2024-07-16T15:36:46","slug":"la-presentacion-de-kylian-mbappe-con-el-real-madrid-sone-muchas-noches-con-estar-aqui","status":"publish","type":"post","link":"https:\/\/newsqr.com.mx\/?p=24064","title":{"rendered":"La presentaci\u00f3n de Kylian Mbapp\u00e9 con el Real Madrid: \u201cSo\u00f1\u00e9 muchas noches con estar aqu\u00ed\u201d"},"content":{"rendered":"<h4>El conjunto blanco da la bienvenida en su estadio a la gran estrella francesa, que llega libre tras terminar su contrato con el PSG.<\/h4>\n<p>Kylian Mbapp\u00e9 se viste este martes por primera vez, de manera oficial, con la camiseta del Real Madrid. Despu\u00e9s de su participaci\u00f3n en la Eurocopa, la estrella francesa comienza una nueva etapa con el club blanco despu\u00e9s de muchos a\u00f1os de negociaciones entre las dos partes para su incorporaci\u00f3n, hasta que el delantero ha terminado contrato con el PSG. \u201cSo\u00f1\u00e9 muchas noches con estar aqu\u00ed, soy muy feliz\u201d, ha afirmado Mbapp\u00e9 en su puesta de largo. \u201cEs un d\u00eda incre\u00edble.<\/p>\n<p>El futbolista mencion\u00f3 que desde que era ni\u00f1o s\u00f3lo ten\u00eda un sue\u00f1o y estar aqu\u00ed significa mucho para m\u00ed. Gracias a los madridistas porque desde hace muchos a\u00f1os me dan su amor. Ahora tengo otro sue\u00f1o, es de estar a la altura de la historia de este club. Voy a dar la vida por este club y este escudo\u201d, a\u00f1adi\u00f3.<\/p>\n<p>Menos de 48 horas despu\u00e9s de que el Madrid ganara la 15\u00aa Copa de Europa, el club anunci\u00f3 la contrataci\u00f3n del futbolista franc\u00e9s, que llega libre y firma por cinco temporadas tras renunciar a los 178 millones de euros que le habr\u00eda reportado otro curso en el club parisino. \u201cTengo un mensaje para los ni\u00f1os. Yo fui ni\u00f1o como vosotros. Con la pasi\u00f3n y el sue\u00f1o pod\u00e9is lograr lo que quer\u00e1is\u201d, ha expresado Mbapp\u00e9.<\/p>\n","protected":false},"excerpt":{"rendered":"<p>El conjunto blanco da la bienvenida en su estadio a la gran estrella francesa, que&#8230;<\/p>\n","protected":false},"author":1,"featured_media":24066,"comment_status":"open","ping_status":"closed","sticky":false,"template":"","format":"standard","meta":{"footnotes":""},"categories":[5],"tags":[],"class_list":["post-24064","post","type-post","status-publish","format-standard","has-post-thumbnail","hentry","category-deportes"],"_links":{"self":[{"href":"https:\/\/newsqr.com.mx\/index.php?rest_route=\/wp\/v2\/posts\/24064","targetHints":{"allow":["GET"]}}],"collection":[{"href":"https:\/\/newsqr.com.mx\/index.php?rest_route=\/wp\/v2\/posts"}],"about":[{"href":"https:\/\/newsqr.com.mx\/index.php?rest_route=\/wp\/v2\/types\/post"}],"author":[{"embeddable":true,"href":"https:\/\/newsqr.com.mx\/index.php?rest_route=\/wp\/v2\/users\/1"}],"replies":[{"embeddable":true,"href":"https:\/\/newsqr.com.mx\/index.php?rest_route=%2Fwp%2Fv2%2Fcomments&post=24064"}],"version-history":[{"count":1,"href":"https:\/\/newsqr.com.mx\/index.php?rest_route=\/wp\/v2\/posts\/24064\/revisions"}],"predecessor-version":[{"id":24065,"href":"https:\/\/newsqr.com.mx\/index.php?rest_route=\/wp\/v2\/posts\/24064\/revisions\/24065"}],"wp:featuredmedia":[{"embeddable":true,"href":"https:\/\/newsqr.com.mx\/index.php?rest_route=\/wp\/v2\/media\/24066"}],"wp:attachment":[{"href":"https:\/\/newsqr.com.mx\/index.php?rest_route=%2Fwp%2Fv2%2Fmedia&parent=24064"}],"wp:term":[{"taxonomy":"category","embeddable":true,"href":"https:\/\/newsqr.com.mx\/index.php?rest_route=%2Fwp%2Fv2%2Fcategories&post=24064"},{"taxonomy":"post_tag","embeddable":true,"href":"https:\/\/newsqr.com.mx\/index.php?rest_route=%2Fwp%2Fv2%2Ftags&post=24064"}],"curies":[{"name":"wp","href":"https:\/\/api.w.org\/{rel}","templated":true}]}}