{"id":24079,"date":"2024-07-17T09:18:28","date_gmt":"2024-07-17T14:18:28","guid":{"rendered":"https:\/\/newsqr.com.mx\/?p=24079"},"modified":"2024-07-17T14:18:29","modified_gmt":"2024-07-17T14:18:29","slug":"pati-chapoy-revela-problema-de-salud-que-le-dificulta-poder-caminar-es-doloroso","status":"publish","type":"post","link":"https:\/\/newsqr.com.mx\/?p=24079","title":{"rendered":"Pati Chapoy revela problema de salud que le dificulta poder caminar: \u00abes doloroso\u00bb"},"content":{"rendered":"<h4>La conductora de televisi\u00f3n comparti\u00f3 a trav\u00e9s de la cuenta de Instagram del programa &#8216;Ventaneando&#8217; que desde hace un tiempo tiene problemas para caminar, por lo que tiene que usar tenis todo el tiempo.<\/h4>\n<p>Pati Chapoy, reconocida periodista mexicana, dio a conocer a trav\u00e9s del programa &#8216;Ventaneando&#8217; un doloroso padecimiento que ha sufrido desde hace algunos d\u00edas y decidi\u00f3 confesar este martes c\u00f3mo se encuentra actualmente su estado de salud.<\/p>\n<p>Fue a trav\u00e9s de las redes sociales del programa &#8216;Ventaneando&#8217; que se comparti\u00f3 un video en donde Pati Chapoy dio a conocer los motivos por los que desde hace algunos d\u00edas acude a trabajar usando unos c\u00f3modos tenis pues tiene una lesi\u00f3n en su pie.<\/p>\n<p>Pati Chapoy explic\u00f3 que, aunque no se trata de una enfermedad grave, la lesi\u00f3n en su pie le ha dificultado caminar de manera correcta adem\u00e1s de que le ha impedido desarrollar sus actividades diarias con normalidad.<\/p>\n<p>\u00abDesde hace varios d\u00edas estoy llegando al foro por una situaci\u00f3n que padezco\u00bb, comparti\u00f3 la conductora.<br \/>\nLa titular del programa &#8216;Ventaneando&#8217; revel\u00f3 que su padecimiento comenz\u00f3 cuando empez\u00f3 a presentar un dolor en el tal\u00f3n que posteriormente se le extendi\u00f3 por toda la planta del pie, por lo que tuvo que acudir al m\u00e9dico y realizarse una radiograf\u00eda para descubrir qu\u00e9 es lo que ten\u00eda.<\/p>\n<p>\u00abDespu\u00e9s de ver al m\u00e9dico y de sacarme una radiograf\u00eda, tengo una situaci\u00f3n que se llama fascitis plantar, que muchas veces viene relacionado con el espol\u00f3n calc\u00e1reo\u00bb.<br \/>\nChapoy explic\u00f3 que el padecimiento que le diagnosticaron es muy doloroso pero con ejercicios y tratamiento espera mejorar r\u00e1pidamente.<\/p>\n<p>\u00abEn el tal\u00f3n se calcific\u00f3 parte del hueso y esto es muy doloroso, estoy en tratamiento y tengo que hacer muchos ejercicios\u00bb.<br \/>\nLa famosa cr\u00edtica de espect\u00e1culos explic\u00f3 que debido al padecimiento que le detectaron dej\u00f3 de caminar de manera normal porque, reiter\u00f3, es muy doloroso cuando camina. Adem\u00e1s revel\u00f3 que comenz\u00f3 a caminar raro que tuvo que hacer terapia en ambos pies.<\/p>\n<p>\u201cDej\u00e9 de caminar como habitualmente lo hago, porque es doloroso. Camino bien, pero empec\u00e9 a caminar tan raro que ya me tienen que hacer la terapia en el otro pie\u201d.<br \/>\nFinalmente, la conductora explic\u00f3 que\u00a0ya est\u00e1 tomando terapia\u00a0para que la calcificaci\u00f3n que le provoca fuertes dolores en el pie desaparezca y\u00a0pueda volver a caminar\u00a0con normalidad.<\/p>\n<p>\u00abEstoy yendo cuatro veces a la semana a terapia para empezar a que se disuelva o se rompa todo ese callo, para as\u00ed evitar la molestia\u00bb. Asimismo, tiene que hacer \u00abmuch\u00edsimos ejercicios\u00bb para asegurarse de que el tal\u00f3n de Aquiles tenga flexibilidad: \u00abAhorita me cuesta mucho trabajo\u00bb, confes\u00f3 Pati.<\/p>\n","protected":false},"excerpt":{"rendered":"<p>La conductora de televisi\u00f3n comparti\u00f3 a trav\u00e9s de la cuenta de Instagram del programa &#8216;Ventaneando&#8217;&#8230;<\/p>\n","protected":false},"author":1,"featured_media":24081,"comment_status":"open","ping_status":"closed","sticky":false,"template":"","format":"standard","meta":{"footnotes":""},"categories":[5],"tags":[],"class_list":["post-24079","post","type-post","status-publish","format-standard","has-post-thumbnail","hentry","category-deportes"],"_links":{"self":[{"href":"https:\/\/newsqr.com.mx\/index.php?rest_route=\/wp\/v2\/posts\/24079","targetHints":{"allow":["GET"]}}],"collection":[{"href":"https:\/\/newsqr.com.mx\/index.php?rest_route=\/wp\/v2\/posts"}],"about":[{"href":"https:\/\/newsqr.com.mx\/index.php?rest_route=\/wp\/v2\/types\/post"}],"author":[{"embeddable":true,"href":"https:\/\/newsqr.com.mx\/index.php?rest_route=\/wp\/v2\/users\/1"}],"replies":[{"embeddable":true,"href":"https:\/\/newsqr.com.mx\/index.php?rest_route=%2Fwp%2Fv2%2Fcomments&post=24079"}],"version-history":[{"count":1,"href":"https:\/\/newsqr.com.mx\/index.php?rest_route=\/wp\/v2\/posts\/24079\/revisions"}],"predecessor-version":[{"id":24080,"href":"https:\/\/newsqr.com.mx\/index.php?rest_route=\/wp\/v2\/posts\/24079\/revisions\/24080"}],"wp:featuredmedia":[{"embeddable":true,"href":"https:\/\/newsqr.com.mx\/index.php?rest_route=\/wp\/v2\/media\/24081"}],"wp:attachment":[{"href":"https:\/\/newsqr.com.mx\/index.php?rest_route=%2Fwp%2Fv2%2Fmedia&parent=24079"}],"wp:term":[{"taxonomy":"category","embeddable":true,"href":"https:\/\/newsqr.com.mx\/index.php?rest_route=%2Fwp%2Fv2%2Fcategories&post=24079"},{"taxonomy":"post_tag","embeddable":true,"href":"https:\/\/newsqr.com.mx\/index.php?rest_route=%2Fwp%2Fv2%2Ftags&post=24079"}],"curies":[{"name":"wp","href":"https:\/\/api.w.org\/{rel}","templated":true}]}}