{"id":24104,"date":"2024-07-18T11:49:07","date_gmt":"2024-07-18T16:49:07","guid":{"rendered":"https:\/\/newsqr.com.mx\/?p=24104"},"modified":"2024-07-18T16:49:09","modified_gmt":"2024-07-18T16:49:09","slug":"christian-nodal-presume-foto-con-johnny-depp-y-desata-la-locura-en-redes-el-nodalverso-existe","status":"publish","type":"post","link":"https:\/\/newsqr.com.mx\/?p=24104","title":{"rendered":"Christian Nodal presume foto con Johnny Depp y desata la locura en redes: \u00abel &#8216;Nodalverso&#8217; existe\u00bb"},"content":{"rendered":"<h4>El cantante de m\u00fasica regional mexicana, ha vuelto a ser el centro de atenci\u00f3n en redes sociales, y esta vez por una fotograf\u00eda en compa\u00f1\u00eda de Johnny Depp, con quien ha sido comparado \u00faltimamente.<\/h4>\n<p>En la imagen, que r\u00e1pidamente se volvi\u00f3 viral, aparecen ambos famosos salud\u00e1ndose y posando para la c\u00e1mara; pero lo que ha llamado la atenci\u00f3n de los usuarios es que, pr\u00e1cticamente lucen iguales. Y es que los dos portan una playera beige que deja al descubierto sus m\u00faltiples tatuajes, lentes oscuros y joyer\u00eda muy parecida.<\/p>\n<p>La publicaci\u00f3n no s\u00f3lo atrajo miles de likes en cuesti\u00f3n de minutos, sino que desat\u00f3 una avalancha de comentarios en los que fans y usuarios de internet expresaron su sorpresa, pues para muchos es un \u00abcrossover\u00bb que no se esperaban.<\/p>\n<p>\u00abY ahora, \u00bfc\u00f3mo sabemos cu\u00e1l es cu\u00e1l?\u00bb. \u00abEl Nodalverso existe\u00bb, \u00abQue cool crossover\u00bb, \u00abEstoy viendo doble\u00bb, \u00ab\u00bfMe est\u00e1s diciendo que existe un Nodalverso?\u00bb, \u00abHasta combinados andan\u00bb, \u00abEl yo del futuro conociendo su yo del pasado\u00bb, \u00abHagan la secuela de piratas del caribe\u00bb, \u00ab\u00bfBro, qui\u00e9n es qui\u00e9n?\u00bb, \u00abS\u00ed se parecen\u00bb, son solo algunos de los mensajes que se pueden leer.<\/p>\n<p>Desde hace alg\u00fan tiempo, Nodal ha sido se\u00f1alado como el doble de Depp, sobre todo despu\u00e9s de que iniciara su proceso para retirar de su rostro, una transformaci\u00f3n que ha sido comparada con los diferentes cambios de imagen que el actor de Hollywood ha experimentado a lo largo de su carrera.<\/p>\n<p>Aunque ninguno de los dos dio detalles sobre las razones detr\u00e1s de este encuentro, se presume que pudo haberse dado en el backstage del concierto con el que Andrea Bocelli est\u00e1 celebrando sus 30 a\u00f1os de carrera art\u00edstica y al que los dos fueron invitados.<\/p>\n<p>Fue este fin de semana cuando el int\u00e9rprete de \u00abBotella tras botella\u00bb comparti\u00f3 el escenario con el tenor italiano, conquistando as\u00ed a los asistentes al Teatro del Silenzio y a las redes sociales.<\/p>\n","protected":false},"excerpt":{"rendered":"<p>El cantante de m\u00fasica regional mexicana, ha vuelto a ser el centro de atenci\u00f3n en&#8230;<\/p>\n","protected":false},"author":1,"featured_media":24106,"comment_status":"open","ping_status":"closed","sticky":false,"template":"","format":"standard","meta":{"footnotes":""},"categories":[3],"tags":[],"class_list":["post-24104","post","type-post","status-publish","format-standard","has-post-thumbnail","hentry","category-espectaculos"],"_links":{"self":[{"href":"https:\/\/newsqr.com.mx\/index.php?rest_route=\/wp\/v2\/posts\/24104","targetHints":{"allow":["GET"]}}],"collection":[{"href":"https:\/\/newsqr.com.mx\/index.php?rest_route=\/wp\/v2\/posts"}],"about":[{"href":"https:\/\/newsqr.com.mx\/index.php?rest_route=\/wp\/v2\/types\/post"}],"author":[{"embeddable":true,"href":"https:\/\/newsqr.com.mx\/index.php?rest_route=\/wp\/v2\/users\/1"}],"replies":[{"embeddable":true,"href":"https:\/\/newsqr.com.mx\/index.php?rest_route=%2Fwp%2Fv2%2Fcomments&post=24104"}],"version-history":[{"count":1,"href":"https:\/\/newsqr.com.mx\/index.php?rest_route=\/wp\/v2\/posts\/24104\/revisions"}],"predecessor-version":[{"id":24105,"href":"https:\/\/newsqr.com.mx\/index.php?rest_route=\/wp\/v2\/posts\/24104\/revisions\/24105"}],"wp:featuredmedia":[{"embeddable":true,"href":"https:\/\/newsqr.com.mx\/index.php?rest_route=\/wp\/v2\/media\/24106"}],"wp:attachment":[{"href":"https:\/\/newsqr.com.mx\/index.php?rest_route=%2Fwp%2Fv2%2Fmedia&parent=24104"}],"wp:term":[{"taxonomy":"category","embeddable":true,"href":"https:\/\/newsqr.com.mx\/index.php?rest_route=%2Fwp%2Fv2%2Fcategories&post=24104"},{"taxonomy":"post_tag","embeddable":true,"href":"https:\/\/newsqr.com.mx\/index.php?rest_route=%2Fwp%2Fv2%2Ftags&post=24104"}],"curies":[{"name":"wp","href":"https:\/\/api.w.org\/{rel}","templated":true}]}}