{"id":24470,"date":"2024-08-03T19:41:55","date_gmt":"2024-08-04T00:41:55","guid":{"rendered":"https:\/\/newsqr.com.mx\/?p=24470"},"modified":"2024-08-04T00:41:57","modified_gmt":"2024-08-04T00:41:57","slug":"adele-conquista-munich-en-su-regreso-a-los-escenarios-en-europa","status":"publish","type":"post","link":"https:\/\/newsqr.com.mx\/?p=24470","title":{"rendered":"Adele conquista M\u00fanich en su regreso a los escenarios en Europa"},"content":{"rendered":"<p>\ud83d\udd38La estrella londinense vuelve a actuar en suelo europeo desde 2016 y durante la pausa de su residencia en Las Vegas.<\/p>\n<p>#ESPECT\u00c1CULOS | La cantante brit\u00e1nica Adele enamor\u00f3 a su audiencia el pasado viernes en M\u00fanich (sur), en el primero de sus diez conciertos en la capital b\u00e1vara, con los que la estrella londinense vuelve a actuar en suelo europeo desde 2016 y durante la pausa de su residencia en Las Vegas (EE.UU), iniciada en 2022 y prolongada hasta el oto\u00f1o de 2024.<\/p>\n<p>Alemania fue el pa\u00eds europeo para el regreso a los escenarios de la cuatro veces ganadora del Grammy.<\/p>\n<p>Con un espect\u00e1culo de luz y sonido, desarrollado en un recinto creado para la ocasi\u00f3n, con capacidad para cerca de 75.000 espectadores, el &#8216;Adele World&#8217; o &#8216;Mundo Adele&#8217;- comparable al mayor de los estadios de f\u00fatbol de Alemania-, la brit\u00e1nica deleit\u00f3 por completo a los &#8216;Daydreamers&#8217; &#8211; nombre que los seguidores de la estrella brit\u00e1nica adoptaron.<\/p>\n<p>Tras el concierto en donde se logr\u00f3 apreciar a una Adele muy emocionada, Murielle, una habitante de M\u00fanich de 40 a\u00f1os, le dijo a EFE que: \u00abA m\u00ed me gust\u00f3 mucho, fue un concierto muy bueno, una experiencia genial\u00bb.<\/p>\n<p>\u00abEl momento m\u00e1s emblem\u00e1tico fue cuando cant\u00f3 &#8216;Someone like you&#8217; porque casi se puso a llorar\u00bb, agreg\u00f3 la espectadora, y quien dijo haber visto a su estrella algo \u00abnerviosa\u00bb por la magnitud de la audiencia.<br \/>\nLa propia Adele, a sus 35 a\u00f1os, reconoci\u00f3 que su paso por M\u00fanich era \u00abmuy emocionante\u00bb, aunque sonara un \u00abpoco aleatorio\u00bb dedicar en agosto diez fechas para presentar su m\u00fasica.<\/p>\n<p>\u00ab\u00bfUna gran explosi\u00f3n en mitad de Europa? \u00bfEn M\u00fanich? Suena un poco aleatorio, pero a\u00fan as\u00ed es fabuloso\u00bb, se\u00f1al\u00f3 la cantante antes de que concluyera la primera fecha del &#8216;Adele World&#8217; en la capital b\u00e1vara.<\/p>\n","protected":false},"excerpt":{"rendered":"<p>\ud83d\udd38La estrella londinense vuelve a actuar en suelo europeo desde 2016 y durante la pausa&#8230;<\/p>\n","protected":false},"author":1,"featured_media":24472,"comment_status":"open","ping_status":"closed","sticky":false,"template":"","format":"standard","meta":{"footnotes":""},"categories":[3],"tags":[],"class_list":["post-24470","post","type-post","status-publish","format-standard","has-post-thumbnail","hentry","category-espectaculos"],"_links":{"self":[{"href":"https:\/\/newsqr.com.mx\/index.php?rest_route=\/wp\/v2\/posts\/24470","targetHints":{"allow":["GET"]}}],"collection":[{"href":"https:\/\/newsqr.com.mx\/index.php?rest_route=\/wp\/v2\/posts"}],"about":[{"href":"https:\/\/newsqr.com.mx\/index.php?rest_route=\/wp\/v2\/types\/post"}],"author":[{"embeddable":true,"href":"https:\/\/newsqr.com.mx\/index.php?rest_route=\/wp\/v2\/users\/1"}],"replies":[{"embeddable":true,"href":"https:\/\/newsqr.com.mx\/index.php?rest_route=%2Fwp%2Fv2%2Fcomments&post=24470"}],"version-history":[{"count":1,"href":"https:\/\/newsqr.com.mx\/index.php?rest_route=\/wp\/v2\/posts\/24470\/revisions"}],"predecessor-version":[{"id":24471,"href":"https:\/\/newsqr.com.mx\/index.php?rest_route=\/wp\/v2\/posts\/24470\/revisions\/24471"}],"wp:featuredmedia":[{"embeddable":true,"href":"https:\/\/newsqr.com.mx\/index.php?rest_route=\/wp\/v2\/media\/24472"}],"wp:attachment":[{"href":"https:\/\/newsqr.com.mx\/index.php?rest_route=%2Fwp%2Fv2%2Fmedia&parent=24470"}],"wp:term":[{"taxonomy":"category","embeddable":true,"href":"https:\/\/newsqr.com.mx\/index.php?rest_route=%2Fwp%2Fv2%2Fcategories&post=24470"},{"taxonomy":"post_tag","embeddable":true,"href":"https:\/\/newsqr.com.mx\/index.php?rest_route=%2Fwp%2Fv2%2Ftags&post=24470"}],"curies":[{"name":"wp","href":"https:\/\/api.w.org\/{rel}","templated":true}]}}