{"id":24482,"date":"2024-08-03T19:52:15","date_gmt":"2024-08-04T00:52:15","guid":{"rendered":"https:\/\/newsqr.com.mx\/?p=24482"},"modified":"2024-08-04T00:52:17","modified_gmt":"2024-08-04T00:52:17","slug":"capi-perez-menciona-a-participantes-de-la-casa-de-los-famosos-en-programa-de-la-academia","status":"publish","type":"post","link":"https:\/\/newsqr.com.mx\/?p=24482","title":{"rendered":"Capi P\u00e9rez menciona a participantes de &#8216;La Casa de los Famosos&#8217; en programa de &#8216;La Academia&#8217;"},"content":{"rendered":"<p>\ud83d\udd38El comediante entr\u00f3 al foro del programa de TV Azteca y no dud\u00f3 en hacerle una broma a los alumnos haciendo referencia a La Casa de los Famosos.<\/p>\n<p>#ESPECT\u00c1CULOS | En redes sociales hay un fuerte debate sobre cu\u00e1l es el mejor reality show que se encuentra disponible actualmente en M\u00e9xico, si La Casa de los Famosos o La Academia. Fiel a su estilo, el Capi P\u00e9rez no dud\u00f3 en bromear sobre esta situaci\u00f3n en vivo.<\/p>\n<p>El popular comediante mexicano ha dejado en claro en m\u00e1s de una ocasi\u00f3n que no tiene miedo de mencionar a \u2018su competencia\u2019 en sus bromas y esta vez lo volvi\u00f3 a hacer.<\/p>\n<p>Capi P\u00e9rez entr\u00f3 al foro de La Academia caracterizado como Margarita McKenzie, supuestamente para atender algunos de los reportes que le hicieron llegar.<\/p>\n<p>Fue entonces que el comediante dijo algunos de los nombres de los participantes de La Casa de los Famosos, pero despu\u00e9s corrigi\u00f3 el supuesto error.<\/p>\n<p>\u201cVamos a ver qu\u00e9 reportes me dieron. Aqu\u00ed tengo una lista. La lista dice, ahora ver\u00e1s: &#8216;Gomita, Adri\u00e1n Marcelo&#8217;, no esa es otra cosa\u201d, dijo el comediante desatando la risa de todos los concursantes e internautas en redes sociales.<\/p>\n<p>A trav\u00e9s de redes sociales, usuarios aplaudieron la broma de el Capi P\u00e9rez y aseguraron que necesitan m\u00e1s contenido divertido para poder hacerle competencia a La Casa de los Famosos, programa que parece llevarse todos los n\u00fameros de audiencia.<\/p>\n","protected":false},"excerpt":{"rendered":"<p>\ud83d\udd38El comediante entr\u00f3 al foro del programa de TV Azteca y no dud\u00f3 en hacerle&#8230;<\/p>\n","protected":false},"author":1,"featured_media":24484,"comment_status":"open","ping_status":"closed","sticky":false,"template":"","format":"standard","meta":{"footnotes":""},"categories":[3],"tags":[],"class_list":["post-24482","post","type-post","status-publish","format-standard","has-post-thumbnail","hentry","category-espectaculos"],"_links":{"self":[{"href":"https:\/\/newsqr.com.mx\/index.php?rest_route=\/wp\/v2\/posts\/24482","targetHints":{"allow":["GET"]}}],"collection":[{"href":"https:\/\/newsqr.com.mx\/index.php?rest_route=\/wp\/v2\/posts"}],"about":[{"href":"https:\/\/newsqr.com.mx\/index.php?rest_route=\/wp\/v2\/types\/post"}],"author":[{"embeddable":true,"href":"https:\/\/newsqr.com.mx\/index.php?rest_route=\/wp\/v2\/users\/1"}],"replies":[{"embeddable":true,"href":"https:\/\/newsqr.com.mx\/index.php?rest_route=%2Fwp%2Fv2%2Fcomments&post=24482"}],"version-history":[{"count":1,"href":"https:\/\/newsqr.com.mx\/index.php?rest_route=\/wp\/v2\/posts\/24482\/revisions"}],"predecessor-version":[{"id":24483,"href":"https:\/\/newsqr.com.mx\/index.php?rest_route=\/wp\/v2\/posts\/24482\/revisions\/24483"}],"wp:featuredmedia":[{"embeddable":true,"href":"https:\/\/newsqr.com.mx\/index.php?rest_route=\/wp\/v2\/media\/24484"}],"wp:attachment":[{"href":"https:\/\/newsqr.com.mx\/index.php?rest_route=%2Fwp%2Fv2%2Fmedia&parent=24482"}],"wp:term":[{"taxonomy":"category","embeddable":true,"href":"https:\/\/newsqr.com.mx\/index.php?rest_route=%2Fwp%2Fv2%2Fcategories&post=24482"},{"taxonomy":"post_tag","embeddable":true,"href":"https:\/\/newsqr.com.mx\/index.php?rest_route=%2Fwp%2Fv2%2Ftags&post=24482"}],"curies":[{"name":"wp","href":"https:\/\/api.w.org\/{rel}","templated":true}]}}