{"id":24613,"date":"2024-08-10T11:40:53","date_gmt":"2024-08-10T16:40:53","guid":{"rendered":"https:\/\/newsqr.com.mx\/?p=24613"},"modified":"2024-08-11T03:56:13","modified_gmt":"2024-08-11T03:56:13","slug":"sebastian-yatra-habria-terminado-con-aitana-por-telefono-en-solo-10-minutos","status":"publish","type":"post","link":"https:\/\/newsqr.com.mx\/?p=24613","title":{"rendered":"Sebasti\u00e1n Yatra habr\u00eda terminado con Aitana por tel\u00e9fono; en s\u00f3lo 10 minutos"},"content":{"rendered":"<p>\ud83d\udd38El cantante colombiano habr\u00eda sido el responsable de que la relaci\u00f3n llegara a un fin despu\u00e9s de que lo intentaran por una segunda ocasi\u00f3n.<\/p>\n<p>#ESPECT\u00c1CULOS | Las rupturas de cantantes internacionales han sido toda una tendencia en los \u00faltimos a\u00f1os, desde Rauw Alejandro y su infidelidad hacia Rosal\u00eda; Guaynaa tambi\u00e9n habr\u00eda enga\u00f1ado a Lele Pons y ahora, por segunda ocasi\u00f3n Sebasti\u00e1n Yatra y la cantante espa\u00f1ola, Aitana, habr\u00edan terminado nuevamente.<\/p>\n<p>Sin embargo, fuentes cercanas a la pareja revelan que \u00e9sta vez Yatra\u00a0no tuvo mucha compasi\u00f3n, pues luego de haber regresado de su ruptura en 2023, el int\u00e9rprete de \u00abZapatos Rojos\u00bb habr\u00eda puesto fin a la relaci\u00f3n por medio de una llamada telef\u00f3nica que dur\u00f3 tan s\u00f3lo 10 minutos.<\/p>\n<p>El pasado 2023 se hab\u00eda dado a conocer que tanto la cantante espa\u00f1ola, Aitana, como Sebasti\u00e1n Yatra habr\u00edan terminado oficialmente su relaci\u00f3n despu\u00e9s de haber pasado menos de un a\u00f1o juntos, y fue el colombiano quien habr\u00eda tomado \u00e9sta decisi\u00f3n.<\/p>\n<p>Sin embargo, a principios de \u00e9ste 2024, los artistas decidieron reconectar una vez m\u00e1s y anunciaron ante todos sus seguidores que lo intentar\u00eda de nuevo. Incluso se les vio junto a David Bisbal y su esposa durante el concierto de Karol G en Espa\u00f1a, donde se les ve\u00eda felices.<\/p>\n<p>Pero parece que la pareja no logr\u00f3 hacer posible esa reconexi\u00f3n, ya que el pasado 5 de agosto anunciaron\u00a0el fin de su relaci\u00f3n despu\u00e9s de un par de meses de haber estado juntos. Ahora, el medio espa\u00f1ol \u00abSocialit\u00e9 Club\u00bb, revel\u00f3 que Yatra tom\u00f3 la decisi\u00f3n de concluir la relaci\u00f3n y lo habr\u00eda hecho a trav\u00e9s de una llamada telef\u00f3nica que dur\u00f3 solamente 10 minutos.<\/p>\n<p>\u00abYatra no se habr\u00eda portado muy bien con Aitana y en una conversaci\u00f3n de diez minutos habr\u00eda terminado su relaci\u00f3n con la cantante.\u00bb, revelaron los conductores del programa de televisi\u00f3n espa\u00f1ol, Telecinco.<\/p>\n","protected":false},"excerpt":{"rendered":"<p>\ud83d\udd38El cantante colombiano habr\u00eda sido el responsable de que la relaci\u00f3n llegara a un fin&#8230;<\/p>\n","protected":false},"author":1,"featured_media":0,"comment_status":"open","ping_status":"closed","sticky":false,"template":"","format":"standard","meta":{"footnotes":""},"categories":[3],"tags":[],"class_list":["post-24613","post","type-post","status-publish","format-standard","hentry","category-espectaculos"],"_links":{"self":[{"href":"https:\/\/newsqr.com.mx\/index.php?rest_route=\/wp\/v2\/posts\/24613","targetHints":{"allow":["GET"]}}],"collection":[{"href":"https:\/\/newsqr.com.mx\/index.php?rest_route=\/wp\/v2\/posts"}],"about":[{"href":"https:\/\/newsqr.com.mx\/index.php?rest_route=\/wp\/v2\/types\/post"}],"author":[{"embeddable":true,"href":"https:\/\/newsqr.com.mx\/index.php?rest_route=\/wp\/v2\/users\/1"}],"replies":[{"embeddable":true,"href":"https:\/\/newsqr.com.mx\/index.php?rest_route=%2Fwp%2Fv2%2Fcomments&post=24613"}],"version-history":[{"count":1,"href":"https:\/\/newsqr.com.mx\/index.php?rest_route=\/wp\/v2\/posts\/24613\/revisions"}],"predecessor-version":[{"id":24614,"href":"https:\/\/newsqr.com.mx\/index.php?rest_route=\/wp\/v2\/posts\/24613\/revisions\/24614"}],"wp:attachment":[{"href":"https:\/\/newsqr.com.mx\/index.php?rest_route=%2Fwp%2Fv2%2Fmedia&parent=24613"}],"wp:term":[{"taxonomy":"category","embeddable":true,"href":"https:\/\/newsqr.com.mx\/index.php?rest_route=%2Fwp%2Fv2%2Fcategories&post=24613"},{"taxonomy":"post_tag","embeddable":true,"href":"https:\/\/newsqr.com.mx\/index.php?rest_route=%2Fwp%2Fv2%2Ftags&post=24613"}],"curies":[{"name":"wp","href":"https:\/\/api.w.org\/{rel}","templated":true}]}}