{"id":24648,"date":"2024-08-12T10:54:57","date_gmt":"2024-08-12T15:54:57","guid":{"rendered":"https:\/\/newsqr.com.mx\/?p=24648"},"modified":"2024-08-12T15:54:58","modified_gmt":"2024-08-12T15:54:58","slug":"paren-el-mundo-netflix-anuncia-la-serie-animada-de-mafalda","status":"publish","type":"post","link":"https:\/\/newsqr.com.mx\/?p=24648","title":{"rendered":"\u00a1Paren el mundo! Netflix anuncia la serie animada de &#8216;Mafalda&#8217;"},"content":{"rendered":"<p>\ud83d\udd38 Juan Jos\u00e9 Campanella, ganador del \u00d3scar, dirigir\u00e1 el proyecto<\/p>\n<p>#ESPECT\u00c1CULOS || El director ganador del \u00d3scar, Juan Jos\u00e9 Campanella se encuentra trabajando en la adaptaci\u00f3n audiovisual de la ic\u00f3nica historieta Mafalda, del consagrado maestro del humor gr\u00e1fico argentino, Quino.<\/p>\n<p>Adem\u00e1s de dirigir la serie Campanella ser\u00e1 el guionista y showrunner del proyecto, desarrollado en formato de serie animada, con Gast\u00f3n Gorali como co-guionista y productor general, y Sergio Fern\u00e1ndez como director de producci\u00f3n.<\/p>\n<p>En una misiva compartida por la plataforma de streaming, el director argentino rememor\u00f3: \u201cYo ten\u00eda siete u ocho a\u00f1os cuando se public\u00f3 el primer compendio de tiras de Mafalda en forma de librito. Mis viejos le\u00edan la tira y me dec\u00edan que yo no la iba a entender. Qu\u00e9 ofensa. Qu\u00e9 desaf\u00edo.<\/p>\n<p>Fui corriendo a comprarlo y todav\u00eda me acuerdo venir subiendo la barranca de Melo mientras lo le\u00eda, largando carcajadas y admitiendo que, efectivamente, hab\u00eda tiras que no entend\u00eda. Mafalda y sus amigos no solo me hac\u00edan re\u00edr much\u00edsimo, sino que de vez en cuando me mandaban al diccionario. Y cada palabra nueva que aprend\u00eda ven\u00eda con el premio de una nueva carcajada\u201d.<\/p>\n<p>La carta de Campanella agrega: \u201cPronto ya era uno m\u00e1s de la pandilla de Mafalda. Puedo citar muchos chistes de memoria, pero como hoy enfrento este enorme desaf\u00edo, no voy a empezar con los spoilers. Corte a: d\u00e9cadas despu\u00e9s, en plena producci\u00f3n de Metegol, el maestro Quino vino a visitar nuestra oficina de producci\u00f3n. Hab\u00eda casi 200 artistas de distintas generaciones y para todos nosotros hab\u00eda entrado Dios.<\/p>\n<p>Recuerdo que fue ese d\u00eda que Quino intent\u00f3, por primera vez, dibujar con un l\u00e1piz digital. Un gigante como \u00e9l que hab\u00eda inspirado a generaciones de dibujantes con su trazo, y a muchos m\u00e1s humoristas con su sentido de la iron\u00eda y el comentario agud\u00edsimo, le iba dando forma a un trazo, pero como nunca antes, sin tinta ni papel. Su entusiasmo era el de un chico con un juguete nuevo, haciendo decenas de preguntas. El entusiasmo y la curiosidad del que nunca crey\u00f3 saber todo\u201d.<\/p>\n<p>Adem\u00e1s record\u00f3: \u201cDesde esa visita que nos fueron apareciendo preguntas. \u00bfC\u00f3mo podemos reconectar a las nuevas generaciones que no crecieron con Mafalda con esta gran obra? \u00bfC\u00f3mo podemos llevar su ingenio, su mordacidad, a los chicos que hoy crecen en plataformas digitales? \u00bfC\u00f3mo se puede, en fin, trasladar una de las obras m\u00e1s grandes de la historia del Humor Gr\u00e1fico al lenguaje audiovisual? Hoy, una docena de a\u00f1os despu\u00e9s de esa inolvidable visita enfrentamos este desaf\u00edo.<\/p>\n<p>Ni m\u00e1s ni menos que convertir a Mafalda en un cl\u00e1sico de la animaci\u00f3n. Es nuestra la obligaci\u00f3n de preservar el humor, el timing, la iron\u00eda y las observaciones de Quino. Sabemos que no podremos elevar a Mafalda, porque m\u00e1s alta no puede estar. Pero so\u00f1amos con que los que somos devotos de ella desde la primera hora podamos compartirla con nuestros chicos, y aunque haya cosas reservadas solo para adultos, podamos todos largar una carcajada en familia, y por qu\u00e9 no, ir al diccionario de vez en cuando\u201d.<\/p>\n<p>Juan Jos\u00e9 Campanella finaliz\u00f3 mencionado que la serie Mafalda: \u201cSin duda, y por lejos, el desaf\u00edo m\u00e1s grande de mi vida\u201d.<\/p>\n<p>Mafalda es una producci\u00f3n original de Netflix con los estudios digitales Mundoloco CGI, que entre sus trabajos figuran Metegol, la mayor producci\u00f3n animada de Latinoam\u00e9rica a la fecha; la exitosa serie Mini Beat Power Rockers; y el multi premiado corto Ian, una historia que nos movilizar\u00e1.<\/p>\n","protected":false},"excerpt":{"rendered":"<p>\ud83d\udd38 Juan Jos\u00e9 Campanella, ganador del \u00d3scar, dirigir\u00e1 el proyecto #ESPECT\u00c1CULOS || El director ganador&#8230;<\/p>\n","protected":false},"author":1,"featured_media":24650,"comment_status":"open","ping_status":"closed","sticky":false,"template":"","format":"standard","meta":{"footnotes":""},"categories":[3],"tags":[],"class_list":["post-24648","post","type-post","status-publish","format-standard","has-post-thumbnail","hentry","category-espectaculos"],"_links":{"self":[{"href":"https:\/\/newsqr.com.mx\/index.php?rest_route=\/wp\/v2\/posts\/24648","targetHints":{"allow":["GET"]}}],"collection":[{"href":"https:\/\/newsqr.com.mx\/index.php?rest_route=\/wp\/v2\/posts"}],"about":[{"href":"https:\/\/newsqr.com.mx\/index.php?rest_route=\/wp\/v2\/types\/post"}],"author":[{"embeddable":true,"href":"https:\/\/newsqr.com.mx\/index.php?rest_route=\/wp\/v2\/users\/1"}],"replies":[{"embeddable":true,"href":"https:\/\/newsqr.com.mx\/index.php?rest_route=%2Fwp%2Fv2%2Fcomments&post=24648"}],"version-history":[{"count":1,"href":"https:\/\/newsqr.com.mx\/index.php?rest_route=\/wp\/v2\/posts\/24648\/revisions"}],"predecessor-version":[{"id":24649,"href":"https:\/\/newsqr.com.mx\/index.php?rest_route=\/wp\/v2\/posts\/24648\/revisions\/24649"}],"wp:featuredmedia":[{"embeddable":true,"href":"https:\/\/newsqr.com.mx\/index.php?rest_route=\/wp\/v2\/media\/24650"}],"wp:attachment":[{"href":"https:\/\/newsqr.com.mx\/index.php?rest_route=%2Fwp%2Fv2%2Fmedia&parent=24648"}],"wp:term":[{"taxonomy":"category","embeddable":true,"href":"https:\/\/newsqr.com.mx\/index.php?rest_route=%2Fwp%2Fv2%2Fcategories&post=24648"},{"taxonomy":"post_tag","embeddable":true,"href":"https:\/\/newsqr.com.mx\/index.php?rest_route=%2Fwp%2Fv2%2Ftags&post=24648"}],"curies":[{"name":"wp","href":"https:\/\/api.w.org\/{rel}","templated":true}]}}