{"id":24663,"date":"2024-08-13T10:20:45","date_gmt":"2024-08-13T15:20:45","guid":{"rendered":"https:\/\/newsqr.com.mx\/?p=24663"},"modified":"2024-08-13T15:20:48","modified_gmt":"2024-08-13T15:20:48","slug":"celebran-113-anos-de-cantinflas-con-mural-y-recorrido-turistico-por-la-ciudad-de-mexico","status":"publish","type":"post","link":"https:\/\/newsqr.com.mx\/?p=24663","title":{"rendered":"Celebran 113 a\u00f1os de &#8216;Cantinflas&#8217; con mural y recorrido tur\u00edstico por la Ciudad de M\u00e9xico"},"content":{"rendered":"<p>\ud83d\udd38El autor, Yuca, revel\u00f3 que su obra fue elaborada en dos d\u00edas solo con aerosol, bajo el concepto del \u2018grafiti\u2019<\/p>\n<p>#CDMX | Para celebrar los 113 a\u00f1os del natalicio del actor c\u00f3mico Mario Moreno (1911-1993), mejor conocido como &#8216;Cantinflas&#8217;, se devel\u00f3 este lunes un mural en su honor en la capital mexicana, que dar\u00e1 el banderazo de inicio a una serie de eventos que culminar\u00e1n con un nuevo recorrido que llevar\u00e1 a los turistas a visitar desde su casa y hasta el nuevo museo que llevar\u00e1 su nombre.<\/p>\n<p>En este nuevo mural, elaborado por el artista urbano Yuca, se puede apreciar a Mario Moreno en cuatro de sus diferentes facetas: de traje y serio, como en la pel\u00edcula \u2018El profe&#8217; (1971) o con su t\u00edpica vestimenta en \u2018Ah\u00ed est\u00e1 el detalle&#8217; (1940); una camisa larga, pantalones anchos y ca\u00eddos, un sombrero, pa\u00f1uelo rojo al cuello y un pedazo de tela que llamaba gabardina.<\/p>\n<p>En otro tramo del mural se observa a &#8216;Cantinflas&#8217; como \u2018El Patrullero 777&#8242; (1987), en su uniforme azul con detalles amarillos y su casco redondo, as\u00ed como una caricatura alusiva a su imagen como &#8216;El barrendero&#8217; (1981). Todos ellos con su incipiente bigote sobre un fondo en colores morado, vino y p\u00farpura y una cinta de pel\u00edcula antigua a lo largo de la pared.<\/p>\n<p>El autor, Yuca, revel\u00f3 que su obra fue elaborada en dos d\u00edas solo con aerosol, bajo el concepto del \u2018grafiti\u2019; aunque reconoci\u00f3 que no fue f\u00e1cil representar al comediante y actor mexicano en sus m\u00e1s emblem\u00e1ticos largometrajes.<\/p>\n<p>La obra del autor, quien lleva m\u00e1s de 28 a\u00f1os en el \u2018grafiti\u2019, se ubica en L\u00e1zaro C\u00e1rdenas 182, en la colonia (barrio) Santa Mar\u00eda la Redonda, cercana al centro de la capital mexicana, lugar que viera nacer a Mario Moreno.<\/p>\n<p>Adem\u00e1s, se devel\u00f3 una placa conmemorativa por sus 113 a\u00f1os en la que se lee: \u201cAqu\u00ed en Santa Mar\u00eda la Redonda (\u2026) naci\u00f3 Mario Fortino Alfonso Moreno Reyes, Cantinflas, reconocido a nivel internacional por su trascendencia como actor c\u00f3mico, empresario, fil\u00e1ntropo e \u00edcono de la identidad mexicana\u201d.<\/p>\n<p>En el marco de su festejo, el secretario de Turismo, Miguel Torruco, anunci\u00f3 que se lanzar\u00e1 un nuevo billete de la Loter\u00eda Nacional con su imagen, que ser\u00e1 sorteado el 25 de agosto de este mismo a\u00f1o.<\/p>\n<p>Adelant\u00f3 que para la segunda semana de septiembre se dar\u00e1 apertura a la \u2018Carpa Valentina\u2019, dentro de lo que ser\u00e1 el museo \u2018Mario Moreno Cantinflas\u2019, que, dijo, \u201ces parte de la estrategia de crear atractivos ancla para ser m\u00e1s competitivos en el \u00e1mbito internacional\u201d.<\/p>\n<p>Despu\u00e9s, y para finales del a\u00f1o, abund\u00f3, el mencionado museo abrir\u00e1 por completo sus puertas al p\u00fablico mexicano y extranjero, con \u00e1reas de exhibici\u00f3n, cafeter\u00eda, tienda de recuerdos, entre otras amenidades y que estar\u00e1 ubicado en la colonia (barrio) Roma, de la Ciudad de M\u00e9xico.<\/p>\n<p>El funcionario del Gobierno mexicano detall\u00f3 que adem\u00e1s se trabaja en una nueva ruta tur\u00edstica del \u2018Turibus\u2019, autob\u00fas tur\u00edstico, que recorrer\u00e1 los principales sitios de inter\u00e9s alrededor de la figura de &#8216;Cantinflas&#8217;.<\/p>\n<p>Aurora Marbez Ba\u00f1os, cofundadora del museo, dijo que esta \u201ces la confirmaci\u00f3n de que las leyendas nunca mueren\u201d y celebr\u00f3 que despu\u00e9s de 12 a\u00f1os por fin se pudiera impulsar este museo en honor al c\u00f3mico mexicano.<\/p>\n<p>En su oportunidad, Carlos Cordero, director del museo, enfatiz\u00f3 que el nuevo recinto no solo abarcar\u00e1 a Mario Moreno, sino tambi\u00e9n a &#8216;Cantinflas&#8217;, una dupla que, afirm\u00f3, fue un fen\u00f3meno social que supo, \u201ca trav\u00e9s del ingenio, abordar y criticar con humor temas profundos y complejos, convirti\u00e9ndose en la voz del pueblo\u201d mexicano.<\/p>\n<p>\u201cEn el museo vamos a descubrir a Mario Moreno y vamos a redescubrir a Cantinflas\u201d, concluy\u00f3<\/p>\n","protected":false},"excerpt":{"rendered":"<p>\ud83d\udd38El autor, Yuca, revel\u00f3 que su obra fue elaborada en dos d\u00edas solo con aerosol,&#8230;<\/p>\n","protected":false},"author":1,"featured_media":24665,"comment_status":"open","ping_status":"closed","sticky":false,"template":"","format":"standard","meta":{"footnotes":""},"categories":[25],"tags":[],"class_list":["post-24663","post","type-post","status-publish","format-standard","has-post-thumbnail","hentry","category-cdmx"],"_links":{"self":[{"href":"https:\/\/newsqr.com.mx\/index.php?rest_route=\/wp\/v2\/posts\/24663","targetHints":{"allow":["GET"]}}],"collection":[{"href":"https:\/\/newsqr.com.mx\/index.php?rest_route=\/wp\/v2\/posts"}],"about":[{"href":"https:\/\/newsqr.com.mx\/index.php?rest_route=\/wp\/v2\/types\/post"}],"author":[{"embeddable":true,"href":"https:\/\/newsqr.com.mx\/index.php?rest_route=\/wp\/v2\/users\/1"}],"replies":[{"embeddable":true,"href":"https:\/\/newsqr.com.mx\/index.php?rest_route=%2Fwp%2Fv2%2Fcomments&post=24663"}],"version-history":[{"count":1,"href":"https:\/\/newsqr.com.mx\/index.php?rest_route=\/wp\/v2\/posts\/24663\/revisions"}],"predecessor-version":[{"id":24664,"href":"https:\/\/newsqr.com.mx\/index.php?rest_route=\/wp\/v2\/posts\/24663\/revisions\/24664"}],"wp:featuredmedia":[{"embeddable":true,"href":"https:\/\/newsqr.com.mx\/index.php?rest_route=\/wp\/v2\/media\/24665"}],"wp:attachment":[{"href":"https:\/\/newsqr.com.mx\/index.php?rest_route=%2Fwp%2Fv2%2Fmedia&parent=24663"}],"wp:term":[{"taxonomy":"category","embeddable":true,"href":"https:\/\/newsqr.com.mx\/index.php?rest_route=%2Fwp%2Fv2%2Fcategories&post=24663"},{"taxonomy":"post_tag","embeddable":true,"href":"https:\/\/newsqr.com.mx\/index.php?rest_route=%2Fwp%2Fv2%2Ftags&post=24663"}],"curies":[{"name":"wp","href":"https:\/\/api.w.org\/{rel}","templated":true}]}}