{"id":24744,"date":"2024-08-15T09:56:19","date_gmt":"2024-08-15T14:56:19","guid":{"rendered":"https:\/\/newsqr.com.mx\/?p=24744"},"modified":"2024-08-15T14:56:21","modified_gmt":"2024-08-15T14:56:21","slug":"en-septiembre-se-estrenara-parque-la-queretana","status":"publish","type":"post","link":"https:\/\/newsqr.com.mx\/?p=24744","title":{"rendered":"En septiembre se estrenar\u00e1 Parque La Queretana"},"content":{"rendered":"<p>\ud83d\udd38Se realizar\u00e1n diversas actividades como eventos deportivos y recreativos.<\/p>\n<p>#QUER\u00c9TARO | El secretario de Desarrollo Humano y Social del Municipio de Quer\u00e9taro, Arturo Torres Guti\u00e9rrez, asegur\u00f3 que durante el mes de septiembre se organizar\u00e1n eventos deportivos y recreativos en el Parque Intraurbano Jurica Poniente \u201cLa Queretana\u201d.<\/p>\n<p>Ello, con el fin de que la ciudadan\u00eda lo conozca y disfrute del proyecto. Al momento, dijo, est\u00e1 confirmada la carrera de mascotas \u201cP-Run\u201d, que organiza la Secretar\u00eda de Servicios P\u00fablicos Municipales.<\/p>\n<p>\u201cPara que, a partir de septiembre lo visiten, vean qu\u00e9 bien qued\u00f3 y, sobre todo, es un pulm\u00f3n para Quer\u00e9taro que para las siguientes generaciones sea de vital importancia y que puedan preservar y visitar. A partir de todo septiembre, hasta el 30, lo que nos ha instruido el alcalde es a hacer eventos ah\u00ed en el parque\u201d, indic\u00f3.<\/p>\n<p>Al recordar que se hab\u00eda anunciado la realizaci\u00f3n del circuito de integraci\u00f3n \u201cCiudadan\u00eda y Polic\u00eda, caminando hacia la Prevenci\u00f3n\u201d en este recinto el pr\u00f3ximo 17 de agosto, Torres Guti\u00e9rrez reconoci\u00f3 que no ser\u00e1 posible efectuarla en el Parque, debido a las consecuencias que dejaron las lluvias de hace algunas semanas, en los tramos contemplados para la carrera, y as\u00ed se evita que el terreno no represente alg\u00fan riesgo para los participantes. Esta se llevar\u00e1 a cabo en el Parque Bicentenario.<\/p>\n<p>\u201cHab\u00edamos anunciado que iba a ser en la queretana. Dadas las inclemencias del tiempo que hace varias semanas tuvimos, nos complic\u00f3 todo el tema de log\u00edstica y levantamiento. Es por eso que lo vamos a hacer en el Parque Bicentenario\u201d, cont\u00f3.<\/p>\n<p>Sobre la carrera \u201cCiudadan\u00eda y Polic\u00eda, caminando hacia la Prevenci\u00f3n\u201d, desde este 14 y hasta el 16 de agosto, podr\u00e1n recoger los kits para el certamen, en la delegaci\u00f3n Centro Hist\u00f3rico, en el Mercado Artesanal y en la explanada de las distintas delegaciones municipales, precis\u00f3 Torres Guti\u00e9rrez. Record\u00f3 que se espera la participaci\u00f3n de m\u00e1s de 2 mil 800 personas.<\/p>\n<p>\u201cEl registro cerr\u00f3 en alrededor de los 2 mil 800, m\u00e1s o menos. Esperemos que acudan a recoger su kit; en caso de que no, manden mensaje a las redes sociales. Lo importante es que puedan recogerlo; incluye la playera, el n\u00famero oficial y un promocional del sexto informe del alcalde Luis Nava, que con esto estar\u00edamos cerrando seis a\u00f1os de trabajo\u201d, recalc\u00f3.<\/p>\n","protected":false},"excerpt":{"rendered":"<p>\ud83d\udd38Se realizar\u00e1n diversas actividades como eventos deportivos y recreativos. #QUER\u00c9TARO | El secretario de Desarrollo&#8230;<\/p>\n","protected":false},"author":1,"featured_media":24746,"comment_status":"open","ping_status":"closed","sticky":false,"template":"","format":"standard","meta":{"footnotes":""},"categories":[37],"tags":[],"class_list":["post-24744","post","type-post","status-publish","format-standard","has-post-thumbnail","hentry","category-queretaro"],"_links":{"self":[{"href":"https:\/\/newsqr.com.mx\/index.php?rest_route=\/wp\/v2\/posts\/24744","targetHints":{"allow":["GET"]}}],"collection":[{"href":"https:\/\/newsqr.com.mx\/index.php?rest_route=\/wp\/v2\/posts"}],"about":[{"href":"https:\/\/newsqr.com.mx\/index.php?rest_route=\/wp\/v2\/types\/post"}],"author":[{"embeddable":true,"href":"https:\/\/newsqr.com.mx\/index.php?rest_route=\/wp\/v2\/users\/1"}],"replies":[{"embeddable":true,"href":"https:\/\/newsqr.com.mx\/index.php?rest_route=%2Fwp%2Fv2%2Fcomments&post=24744"}],"version-history":[{"count":1,"href":"https:\/\/newsqr.com.mx\/index.php?rest_route=\/wp\/v2\/posts\/24744\/revisions"}],"predecessor-version":[{"id":24745,"href":"https:\/\/newsqr.com.mx\/index.php?rest_route=\/wp\/v2\/posts\/24744\/revisions\/24745"}],"wp:featuredmedia":[{"embeddable":true,"href":"https:\/\/newsqr.com.mx\/index.php?rest_route=\/wp\/v2\/media\/24746"}],"wp:attachment":[{"href":"https:\/\/newsqr.com.mx\/index.php?rest_route=%2Fwp%2Fv2%2Fmedia&parent=24744"}],"wp:term":[{"taxonomy":"category","embeddable":true,"href":"https:\/\/newsqr.com.mx\/index.php?rest_route=%2Fwp%2Fv2%2Fcategories&post=24744"},{"taxonomy":"post_tag","embeddable":true,"href":"https:\/\/newsqr.com.mx\/index.php?rest_route=%2Fwp%2Fv2%2Ftags&post=24744"}],"curies":[{"name":"wp","href":"https:\/\/api.w.org\/{rel}","templated":true}]}}