{"id":24828,"date":"2024-08-19T11:31:30","date_gmt":"2024-08-19T16:31:30","guid":{"rendered":"https:\/\/newsqr.com.mx\/?p=24828"},"modified":"2024-08-19T16:31:41","modified_gmt":"2024-08-19T16:31:41","slug":"ismael-burgueno-velara-por-los-derechos-de-los-migrantes","status":"publish","type":"post","link":"https:\/\/newsqr.com.mx\/?p=24828","title":{"rendered":"Ismael Burgue\u00f1o velar\u00e1 por los derechos de los migrantes"},"content":{"rendered":"<p>\ud83d\udd3a El presidente municipal de Tijuana visit\u00f3 la Instalaci\u00f3n de la Comisi\u00f3n de Asuntos Fronterizos y Migratorios, liderada por el Diputado Eligio Valencia L\u00f3pez.<\/p>\n<p>#BAJACALIFORNIA El presidente municipal de Tijuana, Ismael Burgue\u00f1o, expres\u00f3 su agradecimiento por la invitaci\u00f3n a la instalaci\u00f3n de la nueva Comisi\u00f3n de Asuntos Fronterizos y Migratorios, presidida por el Diputado Eligio Valencia L\u00f3pez.<\/p>\n<p>En sus redes sociales, Burgue\u00f1o reiter\u00f3 su compromiso de colaborar estrechamente con la comisi\u00f3n para fomentar un entorno en el que se respeten plenamente los derechos de los migrantes y asegurar que se sientan bienvenidos en la ciudad.<\/p>\n<p>Esta iniciativa busca mejorar las condiciones de vida de los migrantes y fortalecer la integraci\u00f3n social en Tijuana, se destac\u00f3 durante el encuentro de los servidores p\u00fablicos.<\/p>\n","protected":false},"excerpt":{"rendered":"<p>\ud83d\udd3a El presidente municipal de Tijuana visit\u00f3 la Instalaci\u00f3n de la Comisi\u00f3n de Asuntos Fronterizos&#8230;<\/p>\n","protected":false},"author":1,"featured_media":24830,"comment_status":"open","ping_status":"closed","sticky":false,"template":"","format":"standard","meta":{"footnotes":""},"categories":[38],"tags":[],"class_list":["post-24828","post","type-post","status-publish","format-standard","has-post-thumbnail","hentry","category-baja-california"],"_links":{"self":[{"href":"https:\/\/newsqr.com.mx\/index.php?rest_route=\/wp\/v2\/posts\/24828","targetHints":{"allow":["GET"]}}],"collection":[{"href":"https:\/\/newsqr.com.mx\/index.php?rest_route=\/wp\/v2\/posts"}],"about":[{"href":"https:\/\/newsqr.com.mx\/index.php?rest_route=\/wp\/v2\/types\/post"}],"author":[{"embeddable":true,"href":"https:\/\/newsqr.com.mx\/index.php?rest_route=\/wp\/v2\/users\/1"}],"replies":[{"embeddable":true,"href":"https:\/\/newsqr.com.mx\/index.php?rest_route=%2Fwp%2Fv2%2Fcomments&post=24828"}],"version-history":[{"count":1,"href":"https:\/\/newsqr.com.mx\/index.php?rest_route=\/wp\/v2\/posts\/24828\/revisions"}],"predecessor-version":[{"id":24829,"href":"https:\/\/newsqr.com.mx\/index.php?rest_route=\/wp\/v2\/posts\/24828\/revisions\/24829"}],"wp:featuredmedia":[{"embeddable":true,"href":"https:\/\/newsqr.com.mx\/index.php?rest_route=\/wp\/v2\/media\/24830"}],"wp:attachment":[{"href":"https:\/\/newsqr.com.mx\/index.php?rest_route=%2Fwp%2Fv2%2Fmedia&parent=24828"}],"wp:term":[{"taxonomy":"category","embeddable":true,"href":"https:\/\/newsqr.com.mx\/index.php?rest_route=%2Fwp%2Fv2%2Fcategories&post=24828"},{"taxonomy":"post_tag","embeddable":true,"href":"https:\/\/newsqr.com.mx\/index.php?rest_route=%2Fwp%2Fv2%2Ftags&post=24828"}],"curies":[{"name":"wp","href":"https:\/\/api.w.org\/{rel}","templated":true}]}}