{"id":25014,"date":"2024-08-24T08:00:43","date_gmt":"2024-08-24T13:00:43","guid":{"rendered":"https:\/\/newsqr.com.mx\/?p=25014"},"modified":"2024-08-25T00:53:44","modified_gmt":"2024-08-25T00:53:44","slug":"nos-engano-a-todos-ceci-galliano-exhibe-que-mariana-echeverria-no-cocinaba-antes-de-la-casa-de-los-famosos-mexico","status":"publish","type":"post","link":"https:\/\/newsqr.com.mx\/?p=25014","title":{"rendered":"Nos enga\u00f1\u00f3 a todos\u00bb: Ceci Galliano exhibe que Mariana Echeverr\u00eda no cocinaba antes de La Casa de los Famosos M\u00e9xico"},"content":{"rendered":"<p>\ud83d\udd38Cecilia Galliano comparti\u00f3 con Mariana Echeverr\u00eda que su hermana se sorprendi\u00f3 de que ella estuviera a cargo de la cocina en la casa, ya que fuera del reality show ella no cocinaba nunca nada.<\/p>\n<p>#ESPECT\u00c1CULOS | La reci\u00e9n eliminada de &#8216;La Casa de los Famosos M\u00e9xico&#8217;: Mariana Echeverr\u00eda fue invitada a una posgala en la que reconoci\u00f3 que antes de entrar al reality show no cocinaba nada.<\/p>\n<p>Durante su paso por el programa, la conductora de &#8216;Me caigo de risa&#8217; se hizo cargo de la administraci\u00f3n de la comida para ella y sus compa\u00f1eros, adem\u00e1s de la cocina, la cual la consideraba como su terapia ocupacional y la defend\u00eda a capa y espada de Mario Bezares.<\/p>\n<p>Tras su salida de la casa m\u00e1s famosa de M\u00e9xico, varios de los habitantes, entre ellos Adri\u00e1n Marcelo, expresaron que ahora que Mayito se hace cargo, comen m\u00e1s rico y mejor, pues alcanza para todos.<\/p>\n<p>Durante la posgala, Cecilia Galliano record\u00f3 que hace tan solo unos d\u00edas hab\u00eda estado presente la hermana de Mariana Echeverr\u00eda, quien revel\u00f3 que ella no cocinaba para nada.<\/p>\n<p>\u00abMari, vino tu hermana y nos dijo que no cocinabas nada\u00bb, declar\u00f3 la conductora. \u00bb No\u00bb, neg\u00f3 la esposa de \u00d3scar Jim\u00e9nez riendo. \u00bb Nos enga\u00f1\u00f3 a todos\u00bb, reaccion\u00f3 Potro Caballero, otro de los invitados del programa.<\/p>\n<p>\u00ab\u00bfPero qu\u00e9 tal comiste?\u00bb, pregunt\u00f3 Mariana. \u00abMuy bien\u00bb, reconoci\u00f3 Luis Caballero. \u00abDelicioso\u00bb, intervino Shanik Berman, quien fue confrontada por Mauricio Garza, diciendo que ella hab\u00eda confesado que no estaba rico. \u00abNo me digas eso, porque me vas a romper el coraz\u00f3n\u00bb, asegur\u00f3 Mariana. \u00abElla cocinaba mejor que el chef de la casa\u00bb, se\u00f1al\u00f3 la periodista. \u00abEso s\u00ed dijiste, pero luego dijiste: &#8216;M\u00e1s o menos, le faltaba sal'\u00bb, record\u00f3 el conductor. \u00abYo no le pon\u00eda sal, porque yo dec\u00eda: ustedes p\u00f3nganle\u00bb, justific\u00f3 la conductora. \u00abBueno, Mariana lo que ten\u00eda era su sello y su sello era la cocina\u00bb, concluy\u00f3 Cecilia Galliano.<\/p>\n<p>Recordemos que tambi\u00e9n en su paso por la posgala, Paola Durante, fue otra que expres\u00f3 que no le gustaba la comida de Mariana.<\/p>\n<p>En entrevista con Mara Patricia Casta\u00f1eda, Echeverr\u00eda asegur\u00f3 que ahora que sali\u00f3 de &#8216;La Casa de los Famosos M\u00e9xico&#8217; se dedicar\u00e1 a estar m\u00e1s en la cocina.<\/p>\n<p>\u00abQuiero aprender a cocinar bien, porque ah\u00ed cocinaba, pero de r\u00e1pido. S\u00ed, me gusta. Quiero meterme mucho a la cocina\u00bb, revel\u00f3.<\/p>\n","protected":false},"excerpt":{"rendered":"<p>\ud83d\udd38Cecilia Galliano comparti\u00f3 con Mariana Echeverr\u00eda que su hermana se sorprendi\u00f3 de que ella estuviera&#8230;<\/p>\n","protected":false},"author":1,"featured_media":0,"comment_status":"open","ping_status":"closed","sticky":false,"template":"","format":"standard","meta":{"footnotes":""},"categories":[3],"tags":[],"class_list":["post-25014","post","type-post","status-publish","format-standard","hentry","category-espectaculos"],"_links":{"self":[{"href":"https:\/\/newsqr.com.mx\/index.php?rest_route=\/wp\/v2\/posts\/25014","targetHints":{"allow":["GET"]}}],"collection":[{"href":"https:\/\/newsqr.com.mx\/index.php?rest_route=\/wp\/v2\/posts"}],"about":[{"href":"https:\/\/newsqr.com.mx\/index.php?rest_route=\/wp\/v2\/types\/post"}],"author":[{"embeddable":true,"href":"https:\/\/newsqr.com.mx\/index.php?rest_route=\/wp\/v2\/users\/1"}],"replies":[{"embeddable":true,"href":"https:\/\/newsqr.com.mx\/index.php?rest_route=%2Fwp%2Fv2%2Fcomments&post=25014"}],"version-history":[{"count":1,"href":"https:\/\/newsqr.com.mx\/index.php?rest_route=\/wp\/v2\/posts\/25014\/revisions"}],"predecessor-version":[{"id":25015,"href":"https:\/\/newsqr.com.mx\/index.php?rest_route=\/wp\/v2\/posts\/25014\/revisions\/25015"}],"wp:attachment":[{"href":"https:\/\/newsqr.com.mx\/index.php?rest_route=%2Fwp%2Fv2%2Fmedia&parent=25014"}],"wp:term":[{"taxonomy":"category","embeddable":true,"href":"https:\/\/newsqr.com.mx\/index.php?rest_route=%2Fwp%2Fv2%2Fcategories&post=25014"},{"taxonomy":"post_tag","embeddable":true,"href":"https:\/\/newsqr.com.mx\/index.php?rest_route=%2Fwp%2Fv2%2Ftags&post=25014"}],"curies":[{"name":"wp","href":"https:\/\/api.w.org\/{rel}","templated":true}]}}