{"id":25040,"date":"2024-08-26T10:10:46","date_gmt":"2024-08-26T15:10:46","guid":{"rendered":"https:\/\/newsqr.com.mx\/?p=25040"},"modified":"2024-08-26T15:10:47","modified_gmt":"2024-08-26T15:10:47","slug":"lalo-capetillo-joan-sebastian-es-mi-referencia-en-la-musica","status":"publish","type":"post","link":"https:\/\/newsqr.com.mx\/?p=25040","title":{"rendered":"Lalo Capetillo: \u201cJoan Sebastian es mi referencia en la m\u00fasica\u201d"},"content":{"rendered":"<p>\ud83d\udd38El cantante estrena su canci\u00f3n \u00abVas a decir que s\u00ed\u00bb, a dueto con Lucero Mijares.<\/p>\n<p>#ESPECT\u00c1CULOS | Lalo Capetillo lanz\u00f3 su nueva canci\u00f3n \u201cVas a decir que s\u00ed\u201d a dueto con Lucerito Mijares y con s\u00f3lo semana y media de darla a conocer, ya alcanz\u00f3 los m\u00e1s de 2,400,000 de visitas en YouTube, es un tema que compuso con Marcela de la Garza y su equipo de producci\u00f3n. En entrevista con MILENIO habl\u00f3 de este logro y de su carrera.<\/p>\n<p>\u201cEste sencillo lo compusimos hace dos a\u00f1os en Monterrey con Marcela de la Garza, Lalo Bladinieres y Gil Elguezabal, que es el equipo con el que trabajo. Cuando la est\u00e1bamos haciendo quer\u00edamos una rolita m\u00e1s coqueta, bailable y no tan corta venas, como lo fue el primer sencillo\u201d, record\u00f3.<\/p>\n<p>La canci\u00f3n estaba guardada porque no hab\u00eda encontrado al artista con quien pudiera hacer un dueto, alguien que fuera su contraparte, hasta que conoci\u00f3 a Lucerito Mijares en el programa Juego de voces, donde de inmediato se hicieron entra\u00f1ables amigos, pero adem\u00e1s encontr\u00f3 que era genuina y la admira como cantante.<\/p>\n<p>\u201cLe mand\u00e9 una nota de voz, que dec\u00eda: \u2018Hey Luc escucha esto, \u00bfqu\u00e9 opinas?, \u00bfte gusta?, \u00bfc\u00f3mo lo ves? y le dije que con toda confianza me dijera si no le lat\u00eda\u2026 Ya s\u00e9 que es dif\u00edcil decirle a un amigo, no me gusta tu rola, ella la escuch\u00f3 y me dijo vamos a darle\u201d, explic\u00f3.<\/p>\n<p>La complicidad que se nota en el videoclip del tema es genuina, son grandes amigos, as\u00ed que grabar este segundo sencillo fue muy f\u00e1cil, los dos tienen un car\u00e1cter alegre y les gusta divertirse.<\/p>\n","protected":false},"excerpt":{"rendered":"<p>\ud83d\udd38El cantante estrena su canci\u00f3n \u00abVas a decir que s\u00ed\u00bb, a dueto con Lucero Mijares&#8230;.<\/p>\n","protected":false},"author":1,"featured_media":25042,"comment_status":"open","ping_status":"closed","sticky":false,"template":"","format":"standard","meta":{"footnotes":""},"categories":[3],"tags":[],"class_list":["post-25040","post","type-post","status-publish","format-standard","has-post-thumbnail","hentry","category-espectaculos"],"_links":{"self":[{"href":"https:\/\/newsqr.com.mx\/index.php?rest_route=\/wp\/v2\/posts\/25040","targetHints":{"allow":["GET"]}}],"collection":[{"href":"https:\/\/newsqr.com.mx\/index.php?rest_route=\/wp\/v2\/posts"}],"about":[{"href":"https:\/\/newsqr.com.mx\/index.php?rest_route=\/wp\/v2\/types\/post"}],"author":[{"embeddable":true,"href":"https:\/\/newsqr.com.mx\/index.php?rest_route=\/wp\/v2\/users\/1"}],"replies":[{"embeddable":true,"href":"https:\/\/newsqr.com.mx\/index.php?rest_route=%2Fwp%2Fv2%2Fcomments&post=25040"}],"version-history":[{"count":1,"href":"https:\/\/newsqr.com.mx\/index.php?rest_route=\/wp\/v2\/posts\/25040\/revisions"}],"predecessor-version":[{"id":25041,"href":"https:\/\/newsqr.com.mx\/index.php?rest_route=\/wp\/v2\/posts\/25040\/revisions\/25041"}],"wp:featuredmedia":[{"embeddable":true,"href":"https:\/\/newsqr.com.mx\/index.php?rest_route=\/wp\/v2\/media\/25042"}],"wp:attachment":[{"href":"https:\/\/newsqr.com.mx\/index.php?rest_route=%2Fwp%2Fv2%2Fmedia&parent=25040"}],"wp:term":[{"taxonomy":"category","embeddable":true,"href":"https:\/\/newsqr.com.mx\/index.php?rest_route=%2Fwp%2Fv2%2Fcategories&post=25040"},{"taxonomy":"post_tag","embeddable":true,"href":"https:\/\/newsqr.com.mx\/index.php?rest_route=%2Fwp%2Fv2%2Ftags&post=25040"}],"curies":[{"name":"wp","href":"https:\/\/api.w.org\/{rel}","templated":true}]}}