{"id":25319,"date":"2024-09-10T10:14:34","date_gmt":"2024-09-10T15:14:34","guid":{"rendered":"https:\/\/newsqr.com.mx\/?p=25319"},"modified":"2024-09-10T15:14:35","modified_gmt":"2024-09-10T15:14:35","slug":"australia-busca-imponer-una-edad-minima-para-usar-redes-sociales","status":"publish","type":"post","link":"https:\/\/newsqr.com.mx\/?p=25319","title":{"rendered":"Australia busca imponer una edad m\u00ednima para usar redes sociales"},"content":{"rendered":"<p>\ud83d\udd38 La edad m\u00ednima para acceder a redes como Facebook, Instagram o TikTok todav\u00eda no est\u00e1 decidida, pero se mover\u00e1 entre los 14 y los 16 a\u00f1os.<\/p>\n<p>#INTERNACIONAL. El gobierno australiano aprobar\u00e1 este a\u00f1o una ley para imponer una edad m\u00ednima, entre los 14 y los 16 a\u00f1os, para poder usar redes sociales, anunci\u00f3 el martes su primer ministro, Anthony Albanese. La legislaci\u00f3n para mantener a los ni\u00f1os alejados de estas plataformas se implementar\u00e1 este a\u00f1o, dijo Albanese.<\/p>\n<p>La edad m\u00ednima para acceder a redes como Facebook, Instagram o TikTok todav\u00eda no est\u00e1 decidida, pero se mover\u00e1 entre los 14 y los 16 a\u00f1os, avanz\u00f3 el primer ministro. El dirigente de centroizquierda explic\u00f3 que en los pr\u00f3ximos meses se pondr\u00e1 a prueba un sistema de verificaci\u00f3n de edad antes de implementar la nueva legislaci\u00f3n.<\/p>\n<p>\u00abQuiero ver a los ni\u00f1os alejados de sus dispositivos y en las canchas de f\u00fatbol, las piscinas y las pistas de tenis\u00bb, afirm\u00f3 Albanese. \u00abQueremos que tengan experiencias reales con gente de verdad porque sabemos que las redes sociales est\u00e1n haciendo un da\u00f1o social\u00bb, insisti\u00f3 el dirigente en la radiodifusora p\u00fablica australiana ABC.<\/p>\n<p>En una serie de entrevistas con medios sobre este plan, Albanese explic\u00f3 que su preferencia personal ser\u00eda bloquear el acceso a estas plataformas a los menores de 16 a\u00f1os. El l\u00edder de la oposici\u00f3n conservadora, Peter Dutton, dio su apoyo al proyecto de ley del Gobierno. \u00abCada d\u00eda que pasa deja a los ni\u00f1os vulnerables ante las amenazas de las redes sociales\u00bb, afirm\u00f3.<\/p>\n<p>Sin embargo, los expertos ponen en duda que sea t\u00e9cnicamente posible imponer una edad m\u00ednima en las redes sociales.<\/p>\n<p>\u00abSabemos que los m\u00e9todos actuales de verificaci\u00f3n de edad no son fiables, son demasiado f\u00e1ciles de eludir o ponen en riesgo la privacidad del usuario\u00bb, se\u00f1al\u00f3 el profesor asociado de inform\u00e1tica y tecnolog\u00edas de la informaci\u00f3n de la Universidad de Melbourne, Toby Murray.<\/p>\n<p>Analistas apuntan tambi\u00e9n que fijar una edad m\u00ednima podr\u00eda causar otros problemas. Para Daniel Angus, catedr\u00e1tico de la Universidad Tecnol\u00f3gica de Queensland, el plan del Gobierno es \u00abimprudente\u00bb y \u00abprecipitado\u00bb porque llega antes del informe final de una investigaci\u00f3n parlamentaria sobre los efectos de las redes sociales en la sociedad australiana.<\/p>\n<p>El plan \u00abamenaza con causar graves da\u00f1os al excluir a los j\u00f3venes de una participaci\u00f3n significativa y saludable en el mundo digital\u00bb, apunta el experto, que dirige la unidad de investigaci\u00f3n sobre medios digitales de la universidad.<\/p>\n<p>&nbsp;<\/p>\n","protected":false},"excerpt":{"rendered":"<p>\ud83d\udd38 La edad m\u00ednima para acceder a redes como Facebook, Instagram o TikTok todav\u00eda no&#8230;<\/p>\n","protected":false},"author":1,"featured_media":25321,"comment_status":"open","ping_status":"closed","sticky":false,"template":"","format":"standard","meta":{"footnotes":""},"categories":[6],"tags":[],"class_list":["post-25319","post","type-post","status-publish","format-standard","has-post-thumbnail","hentry","category-internacional"],"_links":{"self":[{"href":"https:\/\/newsqr.com.mx\/index.php?rest_route=\/wp\/v2\/posts\/25319","targetHints":{"allow":["GET"]}}],"collection":[{"href":"https:\/\/newsqr.com.mx\/index.php?rest_route=\/wp\/v2\/posts"}],"about":[{"href":"https:\/\/newsqr.com.mx\/index.php?rest_route=\/wp\/v2\/types\/post"}],"author":[{"embeddable":true,"href":"https:\/\/newsqr.com.mx\/index.php?rest_route=\/wp\/v2\/users\/1"}],"replies":[{"embeddable":true,"href":"https:\/\/newsqr.com.mx\/index.php?rest_route=%2Fwp%2Fv2%2Fcomments&post=25319"}],"version-history":[{"count":1,"href":"https:\/\/newsqr.com.mx\/index.php?rest_route=\/wp\/v2\/posts\/25319\/revisions"}],"predecessor-version":[{"id":25320,"href":"https:\/\/newsqr.com.mx\/index.php?rest_route=\/wp\/v2\/posts\/25319\/revisions\/25320"}],"wp:featuredmedia":[{"embeddable":true,"href":"https:\/\/newsqr.com.mx\/index.php?rest_route=\/wp\/v2\/media\/25321"}],"wp:attachment":[{"href":"https:\/\/newsqr.com.mx\/index.php?rest_route=%2Fwp%2Fv2%2Fmedia&parent=25319"}],"wp:term":[{"taxonomy":"category","embeddable":true,"href":"https:\/\/newsqr.com.mx\/index.php?rest_route=%2Fwp%2Fv2%2Fcategories&post=25319"},{"taxonomy":"post_tag","embeddable":true,"href":"https:\/\/newsqr.com.mx\/index.php?rest_route=%2Fwp%2Fv2%2Ftags&post=25319"}],"curies":[{"name":"wp","href":"https:\/\/api.w.org\/{rel}","templated":true}]}}