{"id":25765,"date":"2024-09-27T09:50:44","date_gmt":"2024-09-27T14:50:44","guid":{"rendered":"https:\/\/newsqr.com.mx\/?p=25765"},"modified":"2024-09-27T14:50:46","modified_gmt":"2024-09-27T14:50:46","slug":"organiza-tamaulipas-congreso-nacional-espacial-en-matamoros","status":"publish","type":"post","link":"https:\/\/newsqr.com.mx\/?p=25765","title":{"rendered":"Organiza Tamaulipas Congreso Nacional Espacial, en Matamoros"},"content":{"rendered":"<p>\ud83d\udd38Este suceso pondr\u00e1 al estado en el radar mundial y generar\u00e1 una derrama econ\u00f3mica por los servicios prestados a los participantes.<\/p>\n<p>#CIUDADVICTORIA | El gobernador Am\u00e9rico Villarreal Anaya encabez\u00f3 la reuni\u00f3n preparatoria para el Quinto Congreso Nacional de Actividades Espaciales 2024, que se celebrar\u00e1 los d\u00edas 7 y 8 de noviembre en el recinto Mundo Nuevo, de la ciudad de Matamoros.<\/p>\n<p>En la reuni\u00f3n participaron de forma presencial y virtual el doctor Salvador Landeros, director de la Agencia Espacial Mexicana (AEM); funcionarios federales y estatales; el alcalde electo de Matamoros, Alberto Granados; el diputado Gustavo C\u00e1rdenas y organizadores del Congreso.<\/p>\n<p>El evento reunir\u00e1 a expertos, acad\u00e9micos, estudiantes y empresarios del sector espacial, con el objetivo de difundir los avances relacionados con el desarrollo del sector en M\u00e9xico.<\/p>\n<p>Este suceso pondr\u00e1 a Tamaulipas en el radar mundial y generar\u00e1 una derrama econ\u00f3mica por los servicios prestados a los participantes, dijo el gobernador Villarreal Anaya, quien agradeci\u00f3 a la AEM por seleccionar a Matamoros como sede de este importante acontecimiento.<\/p>\n<p>El doctor Landeros, director de la AEM, agradeci\u00f3 al gobernador Am\u00e9rico Villarreal y al alcalde de Matamoros, Alberto Granados, el apoyo brindado para hacer realidad la citada convenci\u00f3n.<\/p>\n<p>En la reuni\u00f3n preparatoria tambi\u00e9n estuvieron: el secretario de Turismo, Benjam\u00edn Hern\u00e1ndez; el secretario de Obras P\u00fablicas, Pedro Cepeda; el Jefe de la Oficina del Ejecutivo Estatal, Ricardo Guerrero y el Rector de la UAT, D\u00e1maso Anaya Alvarado.<\/p>\n","protected":false},"excerpt":{"rendered":"<p>\ud83d\udd38Este suceso pondr\u00e1 al estado en el radar mundial y generar\u00e1 una derrama econ\u00f3mica por&#8230;<\/p>\n","protected":false},"author":1,"featured_media":25767,"comment_status":"open","ping_status":"closed","sticky":false,"template":"","format":"standard","meta":{"footnotes":""},"categories":[41],"tags":[],"class_list":["post-25765","post","type-post","status-publish","format-standard","has-post-thumbnail","hentry","category-tamaulipas"],"_links":{"self":[{"href":"https:\/\/newsqr.com.mx\/index.php?rest_route=\/wp\/v2\/posts\/25765","targetHints":{"allow":["GET"]}}],"collection":[{"href":"https:\/\/newsqr.com.mx\/index.php?rest_route=\/wp\/v2\/posts"}],"about":[{"href":"https:\/\/newsqr.com.mx\/index.php?rest_route=\/wp\/v2\/types\/post"}],"author":[{"embeddable":true,"href":"https:\/\/newsqr.com.mx\/index.php?rest_route=\/wp\/v2\/users\/1"}],"replies":[{"embeddable":true,"href":"https:\/\/newsqr.com.mx\/index.php?rest_route=%2Fwp%2Fv2%2Fcomments&post=25765"}],"version-history":[{"count":1,"href":"https:\/\/newsqr.com.mx\/index.php?rest_route=\/wp\/v2\/posts\/25765\/revisions"}],"predecessor-version":[{"id":25766,"href":"https:\/\/newsqr.com.mx\/index.php?rest_route=\/wp\/v2\/posts\/25765\/revisions\/25766"}],"wp:featuredmedia":[{"embeddable":true,"href":"https:\/\/newsqr.com.mx\/index.php?rest_route=\/wp\/v2\/media\/25767"}],"wp:attachment":[{"href":"https:\/\/newsqr.com.mx\/index.php?rest_route=%2Fwp%2Fv2%2Fmedia&parent=25765"}],"wp:term":[{"taxonomy":"category","embeddable":true,"href":"https:\/\/newsqr.com.mx\/index.php?rest_route=%2Fwp%2Fv2%2Fcategories&post=25765"},{"taxonomy":"post_tag","embeddable":true,"href":"https:\/\/newsqr.com.mx\/index.php?rest_route=%2Fwp%2Fv2%2Ftags&post=25765"}],"curies":[{"name":"wp","href":"https:\/\/api.w.org\/{rel}","templated":true}]}}