{"id":25969,"date":"2024-10-04T09:10:16","date_gmt":"2024-10-04T14:10:16","guid":{"rendered":"https:\/\/newsqr.com.mx\/?p=25969"},"modified":"2024-10-04T14:10:18","modified_gmt":"2024-10-04T14:10:18","slug":"christian-nodal-es-dado-de-alta-tras-ser-hospitalizado-de-emergencia","status":"publish","type":"post","link":"https:\/\/newsqr.com.mx\/?p=25969","title":{"rendered":"Christian Nodal es dado de alta tras ser hospitalizado de emergencia"},"content":{"rendered":"<p>\ud83d\udd38 Pepe Aguilar filtra detalles de su estado de salud.<\/p>\n<p>#ESPECT\u00c1CULOS | Christian Nodal ya fue dado de alta tras ser hospitalizado de emergencia el pasado martes 1 de octubre aparentemente en Estados Unidos tras presentar fuertes malestares f\u00edsicos, as\u00ed lo confirmaron los conductores del programa \u2018Ventaneando\u2019.<\/p>\n<p>\u201cChristian Nodal ya est\u00e1 en su casa, se est\u00e1 recuperando. Est\u00e1 muy bien , parece ser que fue un cuadro de deshidrataci\u00f3n\u201d, inform\u00f3 Pati Chapoy.<\/p>\n<p>Pedro Sola coment\u00f3 que la reciente hospitalizaci\u00f3n del cantante podr\u00eda estar relacionada con su carga laboral, pues no ha dejado de trabajar en los \u00faltimos meses. Incluso, solo tom\u00f3 unos d\u00edas para disfrutar de su luna de miel con \u00c1ngela Aguilar.<\/p>\n<p>\u201cEntre la gira que est\u00e1 haciendo, m\u00e1s la boda, vuela a un lado, vuela a ver a la hija (Argentina) aunque va en avi\u00f3n privado y comod\u00edsimo\u201d, agreg\u00f3 M\u00f3nica Casta\u00f1eda.<\/p>\n<p>En medio del esc\u00e1ndalo que enfrenta por lanzar \u2018Cu\u00eddamela bien\u2019, un tema inspirado en la historia de amor de su hija \u00c1ngela con Nodal, el patriarca de la dinast\u00eda Aguilar revel\u00f3 detalles sobre el problema de salud que llev\u00f3 a su yerno al hospital.<\/p>\n<p>\u201cNo le pod\u00edan bajar la fiebre. Yo creo que esta sobre trabajado\u201d, declar\u00f3 en entrevista para Despierta Am\u00e9rica.<\/p>\n<p>Pepe comparti\u00f3 esta informaci\u00f3n despu\u00e9s de que varios internautas lo acusaron de provocar, indirectamente, que Christian Nodal fuera hospitalizado de emergencia. Y es que el tema incluye varias indirectas en su contra que no solo dejar\u00edan al descubierto c\u00f3mo comenz\u00f3 su historia de amor con \u00c1ngela Aguilar, tambi\u00e9n algunas \u2018amenazas\u2019.<\/p>\n<p>Pepe Aguilar confirm\u00f3 que tanto su hija como su yerno escucharon su nuevo tema antes de que saliera al mercado y ambos la aprobaron a pesar de la pol\u00e9mica letra.<\/p>\n<p>\u201cLlegu\u00e9 con Christian y le dije: \u2018Pues mira, creo que nos est\u00e1 jugando todo mundo, vamos a jugar tambi\u00e9n\u2019 y me dijo: \u2018\u00bfDe qu\u00e9 me est\u00e1 hablando suegro?\u2019. Ya que la escuch\u00f3, se qued\u00f3 como pensando&#8230; y me dice: \u2018Est\u00e1 buena, todav\u00eda no s\u00e9 qu\u00e9 pensar\u2019\u201d, cont\u00f3 en Despierta Am\u00e9rica.<\/p>\n<p>Finalmente, Pepe Aguilar explic\u00f3 que su pol\u00e9mica canci\u00f3n puede conectar con sus fans que son padres de familia:<\/p>\n<p>\u201cLa canci\u00f3n esta viene a decir muchas cosas que con m\u00fasica se entienden m\u00e1s que con palabras. A m\u00ed me parece que es un tema que va m\u00e1s all\u00e1 de lo que est\u00e1 pasando con mi hija y su esposo, creo que se puede quedar como un tema que un padre le puede cantar a su hija que se casa\u201d.<\/p>\n","protected":false},"excerpt":{"rendered":"<p>\ud83d\udd38 Pepe Aguilar filtra detalles de su estado de salud. #ESPECT\u00c1CULOS | Christian Nodal ya&#8230;<\/p>\n","protected":false},"author":1,"featured_media":25971,"comment_status":"open","ping_status":"closed","sticky":false,"template":"","format":"standard","meta":{"footnotes":""},"categories":[3],"tags":[],"class_list":["post-25969","post","type-post","status-publish","format-standard","has-post-thumbnail","hentry","category-espectaculos"],"_links":{"self":[{"href":"https:\/\/newsqr.com.mx\/index.php?rest_route=\/wp\/v2\/posts\/25969","targetHints":{"allow":["GET"]}}],"collection":[{"href":"https:\/\/newsqr.com.mx\/index.php?rest_route=\/wp\/v2\/posts"}],"about":[{"href":"https:\/\/newsqr.com.mx\/index.php?rest_route=\/wp\/v2\/types\/post"}],"author":[{"embeddable":true,"href":"https:\/\/newsqr.com.mx\/index.php?rest_route=\/wp\/v2\/users\/1"}],"replies":[{"embeddable":true,"href":"https:\/\/newsqr.com.mx\/index.php?rest_route=%2Fwp%2Fv2%2Fcomments&post=25969"}],"version-history":[{"count":1,"href":"https:\/\/newsqr.com.mx\/index.php?rest_route=\/wp\/v2\/posts\/25969\/revisions"}],"predecessor-version":[{"id":25970,"href":"https:\/\/newsqr.com.mx\/index.php?rest_route=\/wp\/v2\/posts\/25969\/revisions\/25970"}],"wp:featuredmedia":[{"embeddable":true,"href":"https:\/\/newsqr.com.mx\/index.php?rest_route=\/wp\/v2\/media\/25971"}],"wp:attachment":[{"href":"https:\/\/newsqr.com.mx\/index.php?rest_route=%2Fwp%2Fv2%2Fmedia&parent=25969"}],"wp:term":[{"taxonomy":"category","embeddable":true,"href":"https:\/\/newsqr.com.mx\/index.php?rest_route=%2Fwp%2Fv2%2Fcategories&post=25969"},{"taxonomy":"post_tag","embeddable":true,"href":"https:\/\/newsqr.com.mx\/index.php?rest_route=%2Fwp%2Fv2%2Ftags&post=25969"}],"curies":[{"name":"wp","href":"https:\/\/api.w.org\/{rel}","templated":true}]}}