{"id":26079,"date":"2024-10-10T10:26:04","date_gmt":"2024-10-10T15:26:04","guid":{"rendered":"https:\/\/newsqr.com.mx\/?p=26079"},"modified":"2024-10-10T15:26:05","modified_gmt":"2024-10-10T15:26:05","slug":"rafael-nadal-anuncia-su-retiro-del-tenis-profesional","status":"publish","type":"post","link":"https:\/\/newsqr.com.mx\/?p=26079","title":{"rendered":"Rafael Nadal anuncia su retiro del tenis profesional"},"content":{"rendered":"<p>\ud83d\udd38La despedida del jugador ser\u00e1 en la final de la Copa Davis en M\u00e1laga, donde cerrar\u00e1 su trayectoria representando a Espa\u00f1a<\/p>\n<p>#DEPORTES | Rafael Nadal anunci\u00f3 en un video en las redes sociales, que se retirar\u00e1 del tenis profesional al t\u00e9rmino de la final de la Copa Davis que disputar\u00e1 con Espa\u00f1a en M\u00e1laga en noviembre.<\/p>\n<p>\u201cTodo en la vida tiene un principio y un final y creo que es el momento adecuado para poner punto y final a una carrera larga y mucho m\u00e1s exitosa de lo que jam\u00e1s hubiera podido imaginar\u201d, dijo un emocionado Nadal en un video junto al mensaje \u201cMil gracias a todos\u201d escrito en una docena de idiomas.<\/p>\n<p>Ganador de 92 t\u00edtulos ATP, entre ellos 22 Grand Slams, Nadal echar\u00e1 el cierre a su carrera en la \u201cFinal 8\u201d de la Copa Davis que se disputar\u00e1n en M\u00e1laga, en el sur de Espa\u00f1a, del 19 al 24 de noviembre.<\/p>\n<p>\u201cMe hace much\u00edsima ilusi\u00f3n que mi \u00faltimo torneo sea la final de la Copa Davis, representando a mi pa\u00eds\u201d, declar\u00f3 Nadal.<br \/>\n\u201cCreo que es como cerrar el c\u00edrculo, porque una de mis primeras grandes alegr\u00edas como tenista profesional fue la final en Sevilla en 2004\u201d que gan\u00f3 Espa\u00f1a, la primera de las cinco \u2018Ensaladeras\u2019 que tiene Nadal en su palmar\u00e9s (2004, 2008, 2009, 2011 y 2019).<\/p>\n<p>Toda la trayectoria de Nadal ha estado marcada no solo por los \u00e9xitos, sino tambi\u00e9n por las lesiones, especialmente en los \u00faltimos a\u00f1os, en los que apenas ha podido competir.<\/p>\n<p>\u201cLa realidad es que han sido unos a\u00f1os dif\u00edciles, especialmente estos dos \u00faltimos. No he sido capaz de jugar sin limitaciones\u201d, admiti\u00f3 el tenista con el r\u00e9cord de victorias en Roland Garros (14).<\/p>\n<p>Todo ello le ha llevado a la retirada: \u201cEs una decisi\u00f3n que evidentemente es dif\u00edcil, que me ha llevado tiempo tomarla\u201d.<\/p>\n<p>\u201cMe siento un superafortunado por todas las cosas que he podido vivir\u201d, a\u00f1adi\u00f3 en el video, que se ha comenzado a viralizar en redes sociales.<\/p>\n","protected":false},"excerpt":{"rendered":"<p>\ud83d\udd38La despedida del jugador ser\u00e1 en la final de la Copa Davis en M\u00e1laga, donde&#8230;<\/p>\n","protected":false},"author":1,"featured_media":26081,"comment_status":"open","ping_status":"closed","sticky":false,"template":"","format":"standard","meta":{"footnotes":""},"categories":[5],"tags":[],"class_list":["post-26079","post","type-post","status-publish","format-standard","has-post-thumbnail","hentry","category-deportes"],"_links":{"self":[{"href":"https:\/\/newsqr.com.mx\/index.php?rest_route=\/wp\/v2\/posts\/26079","targetHints":{"allow":["GET"]}}],"collection":[{"href":"https:\/\/newsqr.com.mx\/index.php?rest_route=\/wp\/v2\/posts"}],"about":[{"href":"https:\/\/newsqr.com.mx\/index.php?rest_route=\/wp\/v2\/types\/post"}],"author":[{"embeddable":true,"href":"https:\/\/newsqr.com.mx\/index.php?rest_route=\/wp\/v2\/users\/1"}],"replies":[{"embeddable":true,"href":"https:\/\/newsqr.com.mx\/index.php?rest_route=%2Fwp%2Fv2%2Fcomments&post=26079"}],"version-history":[{"count":1,"href":"https:\/\/newsqr.com.mx\/index.php?rest_route=\/wp\/v2\/posts\/26079\/revisions"}],"predecessor-version":[{"id":26080,"href":"https:\/\/newsqr.com.mx\/index.php?rest_route=\/wp\/v2\/posts\/26079\/revisions\/26080"}],"wp:featuredmedia":[{"embeddable":true,"href":"https:\/\/newsqr.com.mx\/index.php?rest_route=\/wp\/v2\/media\/26081"}],"wp:attachment":[{"href":"https:\/\/newsqr.com.mx\/index.php?rest_route=%2Fwp%2Fv2%2Fmedia&parent=26079"}],"wp:term":[{"taxonomy":"category","embeddable":true,"href":"https:\/\/newsqr.com.mx\/index.php?rest_route=%2Fwp%2Fv2%2Fcategories&post=26079"},{"taxonomy":"post_tag","embeddable":true,"href":"https:\/\/newsqr.com.mx\/index.php?rest_route=%2Fwp%2Fv2%2Ftags&post=26079"}],"curies":[{"name":"wp","href":"https:\/\/api.w.org\/{rel}","templated":true}]}}