{"id":26445,"date":"2024-10-28T10:05:39","date_gmt":"2024-10-28T15:05:39","guid":{"rendered":"https:\/\/newsqr.com.mx\/?p=26445"},"modified":"2024-10-28T15:05:40","modified_gmt":"2024-10-28T15:05:40","slug":"aguascalientes-brillo-en-el-segundo-encuentro-nacional-de-danzon","status":"publish","type":"post","link":"https:\/\/newsqr.com.mx\/?p=26445","title":{"rendered":"Aguascalientes brill\u00f3 en el Segundo Encuentro Nacional de Danz\u00f3n"},"content":{"rendered":"<p>\ud83d\udd38 Danzonera Am\u00e9rica present\u00f3 una coreograf\u00eda masiva de danz\u00f3n, adem\u00e1s de la presencia nacional, hubo participantes de EUA y se celebr\u00f3 un desfile y concurso de catrinas.<\/p>\n<p>#AGUASCALIENTES | Del 25 al 27 de octubre, Aguascalientes fue el escenario del Segundo Encuentro Nacional de Danz\u00f3n, un evento cultural coordinado por Laura Trejo, presidenta del Andador Cultural Ra\u00edces Hidroc\u00e1lidas. Las actividades comenzaron con talleres de danz\u00f3n en los patios del Palacio Municipal, seguidos de una presentaci\u00f3n masiva de danz\u00f3n como bienvenida. En este evento, participaron bailarines de toda la Rep\u00fablica Mexicana y algunos invitados internacionales, quienes se caracterizaron como catrinas en honor a las tradiciones del estado.<\/p>\n<p>Durante la inauguraci\u00f3n, Abraham Velasco, coordinador de Promoci\u00f3n y Difusi\u00f3n del Instituto Municipal Aguascalentense de la Cultura, dio la bienvenida a los participantes, quienes llegaron de diversos estados de M\u00e9xico, as\u00ed como de ciudades de Estados Unidos como San Jos\u00e9, California, y Houston, Texas. Laura Trejo, anfitriona del encuentro, expres\u00f3 su alegr\u00eda al recibir a la comunidad danzonera con un c\u00e1lido \u201cBienvenidos a la tierra de la gente buena\u201d e invit\u00f3 a los asistentes a disfrutar del evento y a llevarse lo mejor de la ciudad.<\/p>\n<p>Por su parte, Gloria Romo, secretaria de Turismo de Aguascalientes, alent\u00f3 a los participantes a disfrutar de los talleres y el programa, y aprovech\u00f3 la ocasi\u00f3n para reconocer y motivar a los j\u00f3venes talentos en esta disciplina.<\/p>\n<p>El acto incluy\u00f3 la entrega de reconocimientos a destacados exponentes del danz\u00f3n, entre ellos la maestra X\u00f3chitl Renter\u00eda, tallerista nacional e internacional de danz\u00f3n; el maestro Alan Garc\u00eda Luna; el maestro Juan Manuel Hern\u00e1ndez; y la maestra Mirna Antonio, quienes brillaron en la coreograf\u00eda masiva, junto a Ivonne Medina, bailarina nacional de danz\u00f3n.<\/p>\n<p>La celebraci\u00f3n continu\u00f3 con la participaci\u00f3n de la Danzonera Am\u00e9rica, que ofreci\u00f3 una coreograf\u00eda masiva de danz\u00f3n, para luego realizar el desfile y el concurso de catrinas, donde los participantes, ataviados con sus mejores galas, rindieron homenaje a la ic\u00f3nica Garbancera, figura creada por Jos\u00e9 Guadalupe Posada y s\u00edmbolo de las tradiciones del D\u00eda de Muertos en el estado y en nuestro pa\u00eds.<\/p>\n","protected":false},"excerpt":{"rendered":"<p>\ud83d\udd38 Danzonera Am\u00e9rica present\u00f3 una coreograf\u00eda masiva de danz\u00f3n, adem\u00e1s de la presencia nacional, hubo&#8230;<\/p>\n","protected":false},"author":1,"featured_media":26447,"comment_status":"open","ping_status":"closed","sticky":false,"template":"","format":"standard","meta":{"footnotes":""},"categories":[21],"tags":[],"class_list":["post-26445","post","type-post","status-publish","format-standard","has-post-thumbnail","hentry","category-aguascalientes"],"_links":{"self":[{"href":"https:\/\/newsqr.com.mx\/index.php?rest_route=\/wp\/v2\/posts\/26445","targetHints":{"allow":["GET"]}}],"collection":[{"href":"https:\/\/newsqr.com.mx\/index.php?rest_route=\/wp\/v2\/posts"}],"about":[{"href":"https:\/\/newsqr.com.mx\/index.php?rest_route=\/wp\/v2\/types\/post"}],"author":[{"embeddable":true,"href":"https:\/\/newsqr.com.mx\/index.php?rest_route=\/wp\/v2\/users\/1"}],"replies":[{"embeddable":true,"href":"https:\/\/newsqr.com.mx\/index.php?rest_route=%2Fwp%2Fv2%2Fcomments&post=26445"}],"version-history":[{"count":1,"href":"https:\/\/newsqr.com.mx\/index.php?rest_route=\/wp\/v2\/posts\/26445\/revisions"}],"predecessor-version":[{"id":26446,"href":"https:\/\/newsqr.com.mx\/index.php?rest_route=\/wp\/v2\/posts\/26445\/revisions\/26446"}],"wp:featuredmedia":[{"embeddable":true,"href":"https:\/\/newsqr.com.mx\/index.php?rest_route=\/wp\/v2\/media\/26447"}],"wp:attachment":[{"href":"https:\/\/newsqr.com.mx\/index.php?rest_route=%2Fwp%2Fv2%2Fmedia&parent=26445"}],"wp:term":[{"taxonomy":"category","embeddable":true,"href":"https:\/\/newsqr.com.mx\/index.php?rest_route=%2Fwp%2Fv2%2Fcategories&post=26445"},{"taxonomy":"post_tag","embeddable":true,"href":"https:\/\/newsqr.com.mx\/index.php?rest_route=%2Fwp%2Fv2%2Ftags&post=26445"}],"curies":[{"name":"wp","href":"https:\/\/api.w.org\/{rel}","templated":true}]}}