{"id":26474,"date":"2024-10-29T10:01:36","date_gmt":"2024-10-29T15:01:36","guid":{"rendered":"https:\/\/newsqr.com.mx\/?p=26474"},"modified":"2024-10-29T15:01:38","modified_gmt":"2024-10-29T15:01:38","slug":"fallece-joya-del-esqui-de-italia-a-los-19-anos-tras-caida","status":"publish","type":"post","link":"https:\/\/newsqr.com.mx\/?p=26474","title":{"rendered":"Fallece \u00abjoya\u00bb del esqu\u00ed de Italia a los 19 a\u00f1os tras ca\u00edda"},"content":{"rendered":"<p>\ud83d\udd38 El Ministerio de Defensa lamenta el deceso y la consider\u00f3 una prometedora deportista<\/p>\n<p>#DEPORTES | Matilde Lorenzi falleci\u00f3 a la edad de los 19 a\u00f1os tras sufrir una ca\u00edda cuando entrenaba en una de las pistas del glaciar de Val Senales, en la regi\u00f3n de Alto Adige. La italiana era considerada una promesa del esqu\u00ed de su pa\u00eds.<\/p>\n<p>Tras sufrir el accidente, Lorenzi, que pertenec\u00eda al equipo deportivo del Ej\u00e9rcito italiano, fue hospitalizada en el hospital de la ciudad de Bolzano.<\/p>\n<p>El deceso de la promesa del esqu\u00ed de Italia fue confirmado por el titular del Ministerio de Defensa, Guido Crosetto, quien mostr\u00f3 sus condolencias a sus familiares y amigos.<\/p>\n<p>\u201cEl Ministerio de Defensa y el Ministro Guido Crosetto expresan su m\u00e1s sentido p\u00e9same y abrazan a la familia y a los compa\u00f1eros de la cabo Matilde Lorenzi, atleta del Ej\u00e9rcito Italiano y prometedora esquiadora italiana, que falleci\u00f3 tr\u00e1gicamente tras un grav\u00edsimo accidente que ocurri\u00f3 durante una sesi\u00f3n de entrenamiento\u201d, indic\u00f3 el Ministerio de Defensa italiano.<\/p>\n<p>La originaria de Tur\u00edn, Italia, se form\u00f3 en el Centro Deportivo de Sestriere y en la temporada pasada gan\u00f3 el campeonato italiano de esqu\u00ed absoluto y en la modalidad supergigante. La promesa del esqu\u00ed se especializ\u00f3 en pruebas de velocidad.<\/p>\n<p>Seg\u00fan reportes, los esqu\u00eds de la \u2018joya\u2019 del esqu\u00ed se habr\u00edan separado, las cuchillas perdieron contacto con la nieve lo que provoc\u00f3 una ca\u00edda en la que golpe\u00f3 su rostro contra el suelo.<\/p>\n<p>Por su parte, el medio Il Messaggero se descartaron fallas en las medidas de seguridad de la pista o el remonte, por lo que se descart\u00f3 cualquier tipo de responsabilidad de los gestores.<\/p>\n<p>\u201cLa FIS se une al duelo del presidente de la FIS, Flavio Roda, y de toda la comunidad italiana de deportes de invierno, incluidos entrenadores, atletas, compa\u00f1eros de equipo, el consejo federal y todo el personal de la FIS\u201d, public\u00f3 FIS Alpine.<\/p>\n","protected":false},"excerpt":{"rendered":"<p>\ud83d\udd38 El Ministerio de Defensa lamenta el deceso y la consider\u00f3 una prometedora deportista #DEPORTES&#8230;<\/p>\n","protected":false},"author":1,"featured_media":26476,"comment_status":"open","ping_status":"closed","sticky":false,"template":"","format":"standard","meta":{"footnotes":""},"categories":[5],"tags":[],"class_list":["post-26474","post","type-post","status-publish","format-standard","has-post-thumbnail","hentry","category-deportes"],"_links":{"self":[{"href":"https:\/\/newsqr.com.mx\/index.php?rest_route=\/wp\/v2\/posts\/26474","targetHints":{"allow":["GET"]}}],"collection":[{"href":"https:\/\/newsqr.com.mx\/index.php?rest_route=\/wp\/v2\/posts"}],"about":[{"href":"https:\/\/newsqr.com.mx\/index.php?rest_route=\/wp\/v2\/types\/post"}],"author":[{"embeddable":true,"href":"https:\/\/newsqr.com.mx\/index.php?rest_route=\/wp\/v2\/users\/1"}],"replies":[{"embeddable":true,"href":"https:\/\/newsqr.com.mx\/index.php?rest_route=%2Fwp%2Fv2%2Fcomments&post=26474"}],"version-history":[{"count":1,"href":"https:\/\/newsqr.com.mx\/index.php?rest_route=\/wp\/v2\/posts\/26474\/revisions"}],"predecessor-version":[{"id":26475,"href":"https:\/\/newsqr.com.mx\/index.php?rest_route=\/wp\/v2\/posts\/26474\/revisions\/26475"}],"wp:featuredmedia":[{"embeddable":true,"href":"https:\/\/newsqr.com.mx\/index.php?rest_route=\/wp\/v2\/media\/26476"}],"wp:attachment":[{"href":"https:\/\/newsqr.com.mx\/index.php?rest_route=%2Fwp%2Fv2%2Fmedia&parent=26474"}],"wp:term":[{"taxonomy":"category","embeddable":true,"href":"https:\/\/newsqr.com.mx\/index.php?rest_route=%2Fwp%2Fv2%2Fcategories&post=26474"},{"taxonomy":"post_tag","embeddable":true,"href":"https:\/\/newsqr.com.mx\/index.php?rest_route=%2Fwp%2Fv2%2Ftags&post=26474"}],"curies":[{"name":"wp","href":"https:\/\/api.w.org\/{rel}","templated":true}]}}