{"id":26646,"date":"2024-11-06T09:46:50","date_gmt":"2024-11-06T14:46:50","guid":{"rendered":"https:\/\/newsqr.com.mx\/?p=26646"},"modified":"2024-11-06T14:46:51","modified_gmt":"2024-11-06T14:46:51","slug":"protagonista-de-dawsons-creek-revela-que-padece-cancer","status":"publish","type":"post","link":"https:\/\/newsqr.com.mx\/?p=26646","title":{"rendered":"Protagonista de \u2018Dawson&#8217;s Creek\u2019 revela que padece c\u00e1ncer"},"content":{"rendered":"<p>\ud83d\udd38 La noticia cay\u00f3 de sorpresa para muchos seguidores de la serie noventera<\/p>\n<p>#ESPECT\u00c1CULOS | \u201cCada a\u00f1o, aproximadamente 2 mil millones de personas en todo el mundo reciben este diagn\u00f3stico. Y yo soy uno de ellos. No hay libro de jugadas para como anunciar estas cosas\u201d, mencion\u00f3 el actor James Van Der Beek al revelar que padece c\u00e1ncer.<\/p>\n<p>El protagonista de la serie \u2018Dawson&#8217;s Creek\u2019, de 47 a\u00f1os, detall\u00f3 que todav\u00eda no estaba listo para hablar del tema, que primero lo har\u00eda con una revista pero un diario se adelantar\u00eda a dar la noticia.<\/p>\n<p>\u201cHab\u00eda planeado hablar de ello extensamente con la revista People en alg\u00fan momento&#8230; para crear conciencia y contar mi historia en mis propios t\u00e9rminos. Pero ese plan tuvo que ser alterado cuando me informaron que un tabloide iba a salir con la noticia\u201d, indic\u00f3.<\/p>\n<p>El actor de la serie de finales de los 90 inform\u00f3 que ya est\u00e1 en tratamiento y que por el momento se siente fuerte pues reci\u00e9n comienza con la lucha por mantener su salud.<\/p>\n<p>\u00abHe estado lidiando con esto en privado hasta ahora, recibiendo tratamiento y marcando mi salud general con mayor concentraci\u00f3n que nunca antes. Estoy en un buen lugar y me siento fuerte. Ha sido toda la iniciaci\u00f3n, y te dir\u00e9 m\u00e1s cuando est\u00e9 listo\u201d, declar\u00f3.<\/p>\n<p>Por medio de sus redes, James Van Der Beek pidi\u00f3 una disculpa a las personas que quiere por no informales sobre su enfermedad, pero as\u00ed no lo ten\u00eda planeado.<\/p>\n<p>\u201dPero rodamos con ella, tomando cada sorpresa como una se\u00f1al, apunt\u00e1ndonos hacia un destino mayor del que habr\u00edamos descubierto sin la intervenci\u00f3n divina. Por favor, sepan que mi familia y yo apreciamos profundamente todo el amor y apoyo\u201d, finaliz\u00f3.<\/p>\n","protected":false},"excerpt":{"rendered":"<p>\ud83d\udd38 La noticia cay\u00f3 de sorpresa para muchos seguidores de la serie noventera #ESPECT\u00c1CULOS |&#8230;<\/p>\n","protected":false},"author":1,"featured_media":26648,"comment_status":"open","ping_status":"closed","sticky":false,"template":"","format":"standard","meta":{"footnotes":""},"categories":[3],"tags":[],"class_list":["post-26646","post","type-post","status-publish","format-standard","has-post-thumbnail","hentry","category-espectaculos"],"_links":{"self":[{"href":"https:\/\/newsqr.com.mx\/index.php?rest_route=\/wp\/v2\/posts\/26646","targetHints":{"allow":["GET"]}}],"collection":[{"href":"https:\/\/newsqr.com.mx\/index.php?rest_route=\/wp\/v2\/posts"}],"about":[{"href":"https:\/\/newsqr.com.mx\/index.php?rest_route=\/wp\/v2\/types\/post"}],"author":[{"embeddable":true,"href":"https:\/\/newsqr.com.mx\/index.php?rest_route=\/wp\/v2\/users\/1"}],"replies":[{"embeddable":true,"href":"https:\/\/newsqr.com.mx\/index.php?rest_route=%2Fwp%2Fv2%2Fcomments&post=26646"}],"version-history":[{"count":1,"href":"https:\/\/newsqr.com.mx\/index.php?rest_route=\/wp\/v2\/posts\/26646\/revisions"}],"predecessor-version":[{"id":26647,"href":"https:\/\/newsqr.com.mx\/index.php?rest_route=\/wp\/v2\/posts\/26646\/revisions\/26647"}],"wp:featuredmedia":[{"embeddable":true,"href":"https:\/\/newsqr.com.mx\/index.php?rest_route=\/wp\/v2\/media\/26648"}],"wp:attachment":[{"href":"https:\/\/newsqr.com.mx\/index.php?rest_route=%2Fwp%2Fv2%2Fmedia&parent=26646"}],"wp:term":[{"taxonomy":"category","embeddable":true,"href":"https:\/\/newsqr.com.mx\/index.php?rest_route=%2Fwp%2Fv2%2Fcategories&post=26646"},{"taxonomy":"post_tag","embeddable":true,"href":"https:\/\/newsqr.com.mx\/index.php?rest_route=%2Fwp%2Fv2%2Ftags&post=26646"}],"curies":[{"name":"wp","href":"https:\/\/api.w.org\/{rel}","templated":true}]}}