{"id":26736,"date":"2024-11-11T10:18:57","date_gmt":"2024-11-11T15:18:57","guid":{"rendered":"https:\/\/newsqr.com.mx\/?p=26736"},"modified":"2024-11-11T15:18:59","modified_gmt":"2024-11-11T15:18:59","slug":"gana-jorge-romero-la-dirigencia-del-pan","status":"publish","type":"post","link":"https:\/\/newsqr.com.mx\/?p=26736","title":{"rendered":"Gana Jorge Romero la dirigencia del PAN"},"content":{"rendered":"<p>\ud83d\udd38 Afirma que su primera gran tarea como dirigente nacional ser\u00e1 abrir el instituto pol\u00edtico a m\u00e1s militantes<\/p>\n<p>El exdiputado Jorge Romero Herrera arras\u00f3 en la elecci\u00f3n para la dirigencia nacional del PAN al obtener el 80% de los votos sobre Adriana D\u00e1vila, quien alcanz\u00f3 el 20%, de acuerdo con los resultados preliminares de la Comisi\u00f3n Electoral del partido.<\/p>\n<p>Con una participaci\u00f3n cercana al 50% de los militantes, de acuerdo con Ana Teresa Aranda, presidenta de la de la Comisi\u00f3n Organizadora Nacional de la Elecci\u00f3n del Comit\u00e9 Ejecutivo Nacional (Conecen), Romero Herrera relevar\u00e1 a Marko Cort\u00e9s para el periodo 2024-2027.<\/p>\n<p>Adriana D\u00e1vila reconoci\u00f3 que los resultados de la elecci\u00f3n interna no le favorec\u00edan, pero dud\u00f3 de la legitimidad del proceso al se\u00f1alar que hubo una cargada desde los comit\u00e9s directivos del PAN en los estados a favor de Romero Herrera.<\/p>\n<p>Casi dos horas antes de que la Conecen informara sobre el resultado del conteo preliminar, Romero Herrera, festej\u00f3 junto con sus simpatizantes y su planilla su inminente victoria en un hotel del sur de la Ciudad de M\u00e9xico.<\/p>\n<p>Podemos decir sin temor a equivocarnos que gracias a la militancia, ganamos la dirigencia del Partido Acci\u00f3n Nacional, y con esta idea queremos iniciar una nueva gesti\u00f3n en el PAN\u201d, declar\u00f3 en medio de aplausos y v\u00edtores de sus seguidores.<\/p>\n<p>Ofreci\u00f3 disculpas a los militantes y a M\u00e9xico \u201cpor los errores cometidos por su partido\u201d, prometi\u00f3 \u201creconstruirlo\u201d, cambiar para que \u201cvuelvan a creer en Acci\u00f3n Nacional como oposici\u00f3n y como la opci\u00f3n de gobierno que le urge al pa\u00eds\u201d.<\/p>\n<p>Jorge Romero fue arropado por liderazgos panistas representados por Ricardo Anaya, Santiago Creel, Kenia L\u00f3pez Rabad\u00e1n, Max Cort\u00e1zar, Enrique Vargas del Villar y Roberto Gil Zuarth, entre otros.<\/p>\n<p>Los integrantes de la planilla de Jorge Romero, Michelle Gonz\u00e1lez, Santiago Taboada, Ren\u00e1n Barrera, Romina Contreras y Eduardo Rivera, festejaron junto con \u00e9l.<\/p>\n<p>Romero Herrera le tendi\u00f3 una invitaci\u00f3n a su contendiente por la dirigencia nacional del PAN a la exdiputada, Adriana D\u00e1vila, para que se integre al trabajo para fortalecer al partido.<\/p>\n<p>\u00c9sa es la primera gran meta y la segunda es abrirnos a la ciudadan\u00eda, que los millones de personas, porque las hay en este pa\u00eds, que no se cree el cuento de que este es un gobierno maravilloso, vean en el Partido Acci\u00f3n Nacional una oportunidad real de participaci\u00f3n.<\/p>\n<p>Eso va a ser posible si nos abrimos a todas las personas que nos digan que quieren estar en el Partido Acci\u00f3n Nacional, nunca m\u00e1s una persona le va a cerrar las puertas a otra persona que quiera entrar al partido, porque este es un bien p\u00fablico, y entre otras muchas cosas m\u00e1s, vamos a empezar la renovaci\u00f3n del partido\u201d, destac\u00f3.<\/p>\n<p>Adriana D\u00e1vila agradeci\u00f3 a los militantes del PAN que participaron de manera libre en este proceso electoral, \u201ctanto a quienes me apoyaron como a quienes decidieron no hacerlo\u201d.<\/p>\n<p>Los n\u00fameros oficiales y las actas que tengo en mi poder, y que siguen llegando a nuestro Comit\u00e9 de Campa\u00f1a, definen un resultado que favorece a mi contrincante, pero no estoy convencida de la legitimidad del proceso\u201d, destac\u00f3 la exdiputada.<\/p>\n","protected":false},"excerpt":{"rendered":"<p>\ud83d\udd38 Afirma que su primera gran tarea como dirigente nacional ser\u00e1 abrir el instituto pol\u00edtico&#8230;<\/p>\n","protected":false},"author":1,"featured_media":26738,"comment_status":"open","ping_status":"closed","sticky":false,"template":"","format":"standard","meta":{"footnotes":""},"categories":[2],"tags":[],"class_list":["post-26736","post","type-post","status-publish","format-standard","has-post-thumbnail","hentry","category-nacional"],"_links":{"self":[{"href":"https:\/\/newsqr.com.mx\/index.php?rest_route=\/wp\/v2\/posts\/26736","targetHints":{"allow":["GET"]}}],"collection":[{"href":"https:\/\/newsqr.com.mx\/index.php?rest_route=\/wp\/v2\/posts"}],"about":[{"href":"https:\/\/newsqr.com.mx\/index.php?rest_route=\/wp\/v2\/types\/post"}],"author":[{"embeddable":true,"href":"https:\/\/newsqr.com.mx\/index.php?rest_route=\/wp\/v2\/users\/1"}],"replies":[{"embeddable":true,"href":"https:\/\/newsqr.com.mx\/index.php?rest_route=%2Fwp%2Fv2%2Fcomments&post=26736"}],"version-history":[{"count":1,"href":"https:\/\/newsqr.com.mx\/index.php?rest_route=\/wp\/v2\/posts\/26736\/revisions"}],"predecessor-version":[{"id":26737,"href":"https:\/\/newsqr.com.mx\/index.php?rest_route=\/wp\/v2\/posts\/26736\/revisions\/26737"}],"wp:featuredmedia":[{"embeddable":true,"href":"https:\/\/newsqr.com.mx\/index.php?rest_route=\/wp\/v2\/media\/26738"}],"wp:attachment":[{"href":"https:\/\/newsqr.com.mx\/index.php?rest_route=%2Fwp%2Fv2%2Fmedia&parent=26736"}],"wp:term":[{"taxonomy":"category","embeddable":true,"href":"https:\/\/newsqr.com.mx\/index.php?rest_route=%2Fwp%2Fv2%2Fcategories&post=26736"},{"taxonomy":"post_tag","embeddable":true,"href":"https:\/\/newsqr.com.mx\/index.php?rest_route=%2Fwp%2Fv2%2Ftags&post=26736"}],"curies":[{"name":"wp","href":"https:\/\/api.w.org\/{rel}","templated":true}]}}