{"id":26811,"date":"2024-11-12T09:42:35","date_gmt":"2024-11-12T14:42:35","guid":{"rendered":"https:\/\/newsqr.com.mx\/?p=26811"},"modified":"2024-11-12T14:42:37","modified_gmt":"2024-11-12T14:42:37","slug":"medico-del-imss-debutara-en-la-ufc","status":"publish","type":"post","link":"https:\/\/newsqr.com.mx\/?p=26811","title":{"rendered":"M\u00e9dico del IMSS debutar\u00e1 en la UFC"},"content":{"rendered":"<p>\ud83d\udd38 A sus 26 a\u00f1os, este peleador y doctor ha logrado combinar su pasi\u00f3n por las artes marciales mixtas con su carrera profesional, destacando por su disciplina y compromiso<\/p>\n<p>#DEPORTES | David Mart\u00ednez Aceves, m\u00e9dico del Instituto Mexicano del Seguro Social (IMSS), est\u00e1 a punto de hacer realidad un sue\u00f1o que ha cultivado durante a\u00f1os: debutar en la Ultimate Fighting Championship (UFC). Con 26 a\u00f1os, Mart\u00ednez, conocido en el mundo de las artes marciales mixtas como \u2018Black Spartan\u2019, ha demostrado una dedicaci\u00f3n admirable al compaginar su carrera m\u00e9dica con su pasi\u00f3n por el deporte de combate.<\/p>\n<p>El inter\u00e9s de Mart\u00ednez por la medicina naci\u00f3 de su amor por el deporte. \u201cToda mi vida he practicado deporte. En el deporte hay muchas lesiones, personas que se accidentan. Algunas veces no hay un doctor a la mano en el momento para poder ayudar, yo ve\u00eda esos accidentes y quer\u00eda ser la persona que extendiera una mano al accidentado\u201d, comparti\u00f3 el joven peleador, quien trabaj\u00f3 como m\u00e9dico interno de pregrado en el Hospital General de Zona No. 68 en Tulpetlac, Ecatepec.<\/p>\n<p>A pesar de la exigencia de su labor en el IMSS, Mart\u00ednez encontraba tiempo para entrenar, mostrando un nivel de disciplina y compromiso que lo llev\u00f3 a firmar su contrato con la UFC el 1 de octubre. Para \u00e9l, la clave es la organizaci\u00f3n y la pasi\u00f3n por ambas vocaciones. \u201cHay bastante tiempo para poder realizar ambas cosas, pero te tienen que apasionar las dos, tu carrera deportiva y profesional\u201d, aconsej\u00f3 a los j\u00f3venes.<\/p>\n<p>Mart\u00ednez no solo representa un caso singular por su doble vida de m\u00e9dico y luchador, sino que tambi\u00e9n se convertir\u00e1 en parte de la primera dupla de hermanos en competir en la UFC, junto a su hermana Melissa, conocida como \u2018Super Mely\u2019. Ambos hermanos debutar\u00e1n en 2025, un acontecimiento hist\u00f3rico para la compa\u00f1\u00eda y un orgullo para el deporte mexicano.<\/p>\n<p>Aunque est\u00e1 enfocado en su carrera en la UFC, David Mart\u00ednez no ha perdido de vista su vocaci\u00f3n m\u00e9dica. Agradeci\u00f3 al IMSS por permitirle cumplir su sue\u00f1o y expres\u00f3 su deseo de regresar al instituto en el futuro, posiblemente en una especialidad. \u201cYo atiendo a la gente, y me gusta mucho dar consultas\u201d, concluy\u00f3, dejando claro que su pasi\u00f3n por la medicina sigue viva.<\/p>\n","protected":false},"excerpt":{"rendered":"<p>\ud83d\udd38 A sus 26 a\u00f1os, este peleador y doctor ha logrado combinar su pasi\u00f3n por&#8230;<\/p>\n","protected":false},"author":1,"featured_media":26813,"comment_status":"open","ping_status":"closed","sticky":false,"template":"","format":"standard","meta":{"footnotes":""},"categories":[5],"tags":[],"class_list":["post-26811","post","type-post","status-publish","format-standard","has-post-thumbnail","hentry","category-deportes"],"_links":{"self":[{"href":"https:\/\/newsqr.com.mx\/index.php?rest_route=\/wp\/v2\/posts\/26811","targetHints":{"allow":["GET"]}}],"collection":[{"href":"https:\/\/newsqr.com.mx\/index.php?rest_route=\/wp\/v2\/posts"}],"about":[{"href":"https:\/\/newsqr.com.mx\/index.php?rest_route=\/wp\/v2\/types\/post"}],"author":[{"embeddable":true,"href":"https:\/\/newsqr.com.mx\/index.php?rest_route=\/wp\/v2\/users\/1"}],"replies":[{"embeddable":true,"href":"https:\/\/newsqr.com.mx\/index.php?rest_route=%2Fwp%2Fv2%2Fcomments&post=26811"}],"version-history":[{"count":1,"href":"https:\/\/newsqr.com.mx\/index.php?rest_route=\/wp\/v2\/posts\/26811\/revisions"}],"predecessor-version":[{"id":26812,"href":"https:\/\/newsqr.com.mx\/index.php?rest_route=\/wp\/v2\/posts\/26811\/revisions\/26812"}],"wp:featuredmedia":[{"embeddable":true,"href":"https:\/\/newsqr.com.mx\/index.php?rest_route=\/wp\/v2\/media\/26813"}],"wp:attachment":[{"href":"https:\/\/newsqr.com.mx\/index.php?rest_route=%2Fwp%2Fv2%2Fmedia&parent=26811"}],"wp:term":[{"taxonomy":"category","embeddable":true,"href":"https:\/\/newsqr.com.mx\/index.php?rest_route=%2Fwp%2Fv2%2Fcategories&post=26811"},{"taxonomy":"post_tag","embeddable":true,"href":"https:\/\/newsqr.com.mx\/index.php?rest_route=%2Fwp%2Fv2%2Ftags&post=26811"}],"curies":[{"name":"wp","href":"https:\/\/api.w.org\/{rel}","templated":true}]}}