{"id":26910,"date":"2024-11-18T10:48:40","date_gmt":"2024-11-18T15:48:40","guid":{"rendered":"https:\/\/newsqr.com.mx\/?p=26910"},"modified":"2024-11-18T15:48:41","modified_gmt":"2024-11-18T15:48:41","slug":"sheinbaum-asiste-al-g20-en-brasil","status":"publish","type":"post","link":"https:\/\/newsqr.com.mx\/?p=26910","title":{"rendered":"Sheinbaum asiste al G20 en Brasil"},"content":{"rendered":"<p>\ud83d\udd38 La presidenta estar\u00e1 fuera del 17 al 20, en lo que ser\u00e1 la jornada m\u00e1s intensa de su gobierno, hasta ahora.<\/p>\n<p>#INTERNACIONAL | El Foro Internacional del G20 reunir\u00e1 a los l\u00edderes de las principales econom\u00edas mundiales. El objetivo de este encuentro es debatir y fomentar la colaboraci\u00f3n en cuestiones financieras y econ\u00f3micas a nivel global. Dicha reuni\u00f3n se celebra cada a\u00f1o.<\/p>\n<p>Son 19 los pa\u00edses alrededor del mundo que conforman el G20: Alemania, Arabia Saudita, Argentina, Australia, Brasil, Canad\u00e1, China, Corea, Estados Unidos, Francia, India, Indonesia, Italia, Jap\u00f3n, M\u00e9xico, Reino Unido, Rusia, Sud\u00e1frica y Turqu\u00eda. Adem\u00e1s de dos organismos regionales: la Uni\u00f3n Africana y la Uni\u00f3n Europea.<\/p>\n<p>La presidenta Claudia Sheinbaum lleg\u00f3 al Museo de Arte Moderno de R\u00edo de Janeiro para participar en la Cumbre de L\u00edderes del G20 de Brasil, las cual re\u00fane a los jefes de Estado de las principales potencias econ\u00f3micas del mundo.\u00a0Con un vestido morado, la mandataria mexicana lleg\u00f3 al MAM despu\u00e9s de las 00:30 horas (tiempo local), y fue recibida por el anfitri\u00f3n, el presidente de Brasil, Luiz In\u00e1cio Lula da Silva.<\/p>\n<p>Sheinbaum Pardo lleg\u00f3 esta madrugada al Aeropuerto Internacional de Gale\u00e3o, para participar en esta cumbre y s\u00f3lo\u00a0participar\u00e1 el 18 de noviembre en la Cumbre del G20, por lo que tendr\u00e1 la jornada m\u00e1s intensa de su gobierno, hasta el momento.\u00a0Estar\u00e1 en dos sesiones plenarias; la primera, por la ma\u00f1ana, sobre la lucha contra el hambre y la pobreza; mientras que la segunda, que ser\u00e1 por la tarde, tratar\u00e1 de la reforma de las instituciones de gobernanza global.<\/p>\n<p>La presidenta Claudia Sheinbaum inform\u00f3 al Senado que se ausentar\u00eda del pa\u00eds del 17 al 19 de noviembre para participar en la Cumbre de L\u00edderes del G20, que se llevar\u00e1 a cabo en R\u00edo de Janeiro, Brasil.<\/p>\n<p>A trav\u00e9s de un oficio remitido por la Secretar\u00eda de Gobernaci\u00f3n a Gerardo Fern\u00e1ndez Noro\u00f1a, presidente de la Mesa Directiva, se inform\u00f3 que la mandataria participar\u00e1 en dos sesiones de trabajo.<\/p>\n<p>Del 18 al 19 de noviembre de 2024 se llevar\u00e1 a cabo la Cumbre de L\u00edderes del G20, que este a\u00f1o tendr\u00e1 como sede la ciudad de\u00a0R\u00edo de Janeiro, en Brasil.<\/p>\n<p>\ud83d\udcf9 Video tomado de las redes sociales.<\/p>\n<div style=\"width: 640px;\" class=\"wp-video\"><video class=\"wp-video-shortcode\" id=\"video-26910-1\" width=\"640\" height=\"1138\" preload=\"metadata\" controls=\"controls\"><source type=\"video\/mp4\" src=\"https:\/\/paginascdmx.site\/wp-content\/uploads\/2024\/11\/WhatsApp-Video-2024-11-18-at-08.36.40.mp4?_=1\" \/><a href=\"https:\/\/paginascdmx.site\/wp-content\/uploads\/2024\/11\/WhatsApp-Video-2024-11-18-at-08.36.40.mp4\">https:\/\/paginascdmx.site\/wp-content\/uploads\/2024\/11\/WhatsApp-Video-2024-11-18-at-08.36.40.mp4<\/a><\/video><\/div>\n","protected":false},"excerpt":{"rendered":"<p>\ud83d\udd38 La presidenta estar\u00e1 fuera del 17 al 20, en lo que ser\u00e1 la jornada&#8230;<\/p>\n","protected":false},"author":1,"featured_media":26636,"comment_status":"open","ping_status":"closed","sticky":false,"template":"","format":"standard","meta":{"footnotes":""},"categories":[6],"tags":[],"class_list":["post-26910","post","type-post","status-publish","format-standard","has-post-thumbnail","hentry","category-internacional"],"_links":{"self":[{"href":"https:\/\/newsqr.com.mx\/index.php?rest_route=\/wp\/v2\/posts\/26910","targetHints":{"allow":["GET"]}}],"collection":[{"href":"https:\/\/newsqr.com.mx\/index.php?rest_route=\/wp\/v2\/posts"}],"about":[{"href":"https:\/\/newsqr.com.mx\/index.php?rest_route=\/wp\/v2\/types\/post"}],"author":[{"embeddable":true,"href":"https:\/\/newsqr.com.mx\/index.php?rest_route=\/wp\/v2\/users\/1"}],"replies":[{"embeddable":true,"href":"https:\/\/newsqr.com.mx\/index.php?rest_route=%2Fwp%2Fv2%2Fcomments&post=26910"}],"version-history":[{"count":1,"href":"https:\/\/newsqr.com.mx\/index.php?rest_route=\/wp\/v2\/posts\/26910\/revisions"}],"predecessor-version":[{"id":26911,"href":"https:\/\/newsqr.com.mx\/index.php?rest_route=\/wp\/v2\/posts\/26910\/revisions\/26911"}],"wp:featuredmedia":[{"embeddable":true,"href":"https:\/\/newsqr.com.mx\/index.php?rest_route=\/wp\/v2\/media\/26636"}],"wp:attachment":[{"href":"https:\/\/newsqr.com.mx\/index.php?rest_route=%2Fwp%2Fv2%2Fmedia&parent=26910"}],"wp:term":[{"taxonomy":"category","embeddable":true,"href":"https:\/\/newsqr.com.mx\/index.php?rest_route=%2Fwp%2Fv2%2Fcategories&post=26910"},{"taxonomy":"post_tag","embeddable":true,"href":"https:\/\/newsqr.com.mx\/index.php?rest_route=%2Fwp%2Fv2%2Ftags&post=26910"}],"curies":[{"name":"wp","href":"https:\/\/api.w.org\/{rel}","templated":true}]}}