{"id":26929,"date":"2024-11-19T10:37:53","date_gmt":"2024-11-19T15:37:53","guid":{"rendered":"https:\/\/newsqr.com.mx\/?p=26929"},"modified":"2024-11-19T15:37:55","modified_gmt":"2024-11-19T15:37:55","slug":"itati-cantoral-exigio-la-salida-de-carlos-espejel-en-produccion-revelo-el-actor-video","status":"publish","type":"post","link":"https:\/\/newsqr.com.mx\/?p=26929","title":{"rendered":"Itat\u00ed Cantoral exigi\u00f3 la salida de Carlos Espejel en producci\u00f3n, revel\u00f3 el actor (VIDEO)"},"content":{"rendered":"<p>\ud83d\udd38 Los actores compartieron su talento en un proyecto que desencaden\u00f3 en un momento bastante tenso.<\/p>\n<p>#ESPECT\u00c1CULOS | Carlos Espejel es un actor que logr\u00f3 cautivar a la audiencia desde una edad muy temprana. Con personajes como Chiquidr\u00e1cula y una parodia de Cantinflas, el actor poco a poco fue adquiriendo un gran reconocimiento en el medio del espect\u00e1culo mexicano. Sin embargo, su carrera ha tenido varios momentos tensos.<\/p>\n<p>El ya experimentado actor narr\u00f3 un desencuentro con la tambi\u00e9n artista Itat\u00ed Cantoral en una producci\u00f3n en donde \u00e9l ten\u00eda el papel de director. Tal fue el descontento que la propia actriz lleg\u00f3 a pedir la salida de Espejel del trabajo.<\/p>\n<p>Fue en una reciente entrevista con el conductor Rafa Balderrama que Carlos Espejel narr\u00f3 aquel momento junto a Itat\u00ed Cantoral, mismo que llev\u00f3 a ambos tener instantes bastante tensos, llevando a Espejel a calificarlo como una de las cosas m\u00e1s fuertes que ha vivido en su carrera.<\/p>\n<p>\u00abDe las cosas m\u00e1s fuertes que me ha pasado. Le dijo a la producci\u00f3n, y eso es verdad, Itat\u00ed, esto es as\u00ed, &#8216;si Carlos sigue yo me voy&#8217;. O sea, pidi\u00f3 mi cabeza\u00bb, dijo.<\/p>\n<p>Carlos Espejel record\u00f3 el momento exacto en que ambos tuvieron ese encuentro, en donde los dos trataron de imponer su jerarqu\u00eda y condiciones. Sin embargo, fue una serie de palabras lo que hizo a Itat\u00ed ir con la producci\u00f3n para que corrieran a Espejel de su cargo.<\/p>\n<p>\u00abLleg\u00f3 la producci\u00f3n conmigo y me dijo &#8216;\u00bfqu\u00e9 pas\u00f3?&#8217;. No, pues lo que pas\u00f3 es que yo le dije &#8216;Itat\u00ed, si\u00e9ntate&#8217;. Ella me dijo &#8216;mejor parada, \u00bfpor qu\u00e9 sentada?&#8217; Pues porque yo soy el director y quiero que vayas sentada, esa es la raz\u00f3n\u00bb, continu\u00f3.<\/p>\n<p>Tras esto, la producci\u00f3n fue con Carlos Espejel para intentar calmar la situaci\u00f3n y la soluci\u00f3n estaba en que \u00e9l ten\u00eda que ir con Itat\u00ed a pedirle una disculpa.<\/p>\n<p>\u00abMe respondi\u00f3 &#8216;no me hables as\u00ed, Carlos. Ni los mejores directores me han hablado as\u00ed. Que se vaya Carlos sino ya no vuelvo&#8217;. Ah\u00ed aprend\u00ed que un director es parte de la producci\u00f3n, no parte del talento. El director tiene que jugar con la producci\u00f3n para que corra no para que la pares. As\u00ed que pregunt\u00e9 qu\u00e9 ten\u00eda que hacer y me dijeron que ir a pedirle una disculpa a Itat\u00ed\u00bb, finaliz\u00f3.<\/p>\n<div style=\"width: 576px;\" class=\"wp-video\"><video class=\"wp-video-shortcode\" id=\"video-26929-1\" width=\"576\" height=\"1024\" preload=\"metadata\" controls=\"controls\"><source type=\"video\/mp4\" src=\"https:\/\/paginascdmx.site\/wp-content\/uploads\/2024\/11\/WhatsApp-Video-2024-11-19-at-09.17.04.mp4?_=1\" \/><a href=\"https:\/\/paginascdmx.site\/wp-content\/uploads\/2024\/11\/WhatsApp-Video-2024-11-19-at-09.17.04.mp4\">https:\/\/paginascdmx.site\/wp-content\/uploads\/2024\/11\/WhatsApp-Video-2024-11-19-at-09.17.04.mp4<\/a><\/video><\/div>\n","protected":false},"excerpt":{"rendered":"<p>\ud83d\udd38 Los actores compartieron su talento en un proyecto que desencaden\u00f3 en un momento bastante&#8230;<\/p>\n","protected":false},"author":1,"featured_media":26931,"comment_status":"open","ping_status":"closed","sticky":false,"template":"","format":"standard","meta":{"footnotes":""},"categories":[3],"tags":[],"class_list":["post-26929","post","type-post","status-publish","format-standard","has-post-thumbnail","hentry","category-espectaculos"],"_links":{"self":[{"href":"https:\/\/newsqr.com.mx\/index.php?rest_route=\/wp\/v2\/posts\/26929","targetHints":{"allow":["GET"]}}],"collection":[{"href":"https:\/\/newsqr.com.mx\/index.php?rest_route=\/wp\/v2\/posts"}],"about":[{"href":"https:\/\/newsqr.com.mx\/index.php?rest_route=\/wp\/v2\/types\/post"}],"author":[{"embeddable":true,"href":"https:\/\/newsqr.com.mx\/index.php?rest_route=\/wp\/v2\/users\/1"}],"replies":[{"embeddable":true,"href":"https:\/\/newsqr.com.mx\/index.php?rest_route=%2Fwp%2Fv2%2Fcomments&post=26929"}],"version-history":[{"count":1,"href":"https:\/\/newsqr.com.mx\/index.php?rest_route=\/wp\/v2\/posts\/26929\/revisions"}],"predecessor-version":[{"id":26930,"href":"https:\/\/newsqr.com.mx\/index.php?rest_route=\/wp\/v2\/posts\/26929\/revisions\/26930"}],"wp:featuredmedia":[{"embeddable":true,"href":"https:\/\/newsqr.com.mx\/index.php?rest_route=\/wp\/v2\/media\/26931"}],"wp:attachment":[{"href":"https:\/\/newsqr.com.mx\/index.php?rest_route=%2Fwp%2Fv2%2Fmedia&parent=26929"}],"wp:term":[{"taxonomy":"category","embeddable":true,"href":"https:\/\/newsqr.com.mx\/index.php?rest_route=%2Fwp%2Fv2%2Fcategories&post=26929"},{"taxonomy":"post_tag","embeddable":true,"href":"https:\/\/newsqr.com.mx\/index.php?rest_route=%2Fwp%2Fv2%2Ftags&post=26929"}],"curies":[{"name":"wp","href":"https:\/\/api.w.org\/{rel}","templated":true}]}}