{"id":26969,"date":"2024-11-21T10:03:43","date_gmt":"2024-11-21T15:03:43","guid":{"rendered":"https:\/\/newsqr.com.mx\/?p=26969"},"modified":"2024-11-21T15:03:44","modified_gmt":"2024-11-21T15:03:44","slug":"jose-paz-lopez-helenes-encabeza-desfile-civico-militar-por-el-114-aniversario-de-la-revolucion-mexicana-en-badiraguato","status":"publish","type":"post","link":"https:\/\/newsqr.com.mx\/?p=26969","title":{"rendered":"Jos\u00e9 Paz L\u00f3pez Helenes encabeza desfile c\u00edvico-militar por el 114 Aniversario de la Revoluci\u00f3n Mexicana en Badiraguato"},"content":{"rendered":"<p>\ud83d\udd38 El presidente municipal reafirm\u00f3 su compromiso con la educaci\u00f3n y la preservaci\u00f3n de la historia mexicana durante las celebraciones del 20 de noviembre<\/p>\n<p>#SINALOA | En el marco del 114 Aniversario de la Revoluci\u00f3n Mexicana, el presidente municipal de Badiraguato, Jos\u00e9 Paz L\u00f3pez Helenes, encabez\u00f3 el tradicional desfile c\u00edvico-militar que conmemor\u00f3 uno de los eventos m\u00e1s importantes de la historia de M\u00e9xico.<\/p>\n<p>La parada, que recorri\u00f3 las principales calles del municipio, reuni\u00f3 a cientos de ciudadanos, autoridades locales y miembros de las fuerzas armadas, quienes participaron con entusiasmo en este acto que record\u00f3 la lucha por la justicia social y los derechos del pueblo mexicano.<\/p>\n<p>Durante su participaci\u00f3n en el evento, Jos\u00e9 Paz L\u00f3pez Helenes destac\u00f3 el significado profundo de la Revoluci\u00f3n Mexicana como un hito en la historia del pa\u00eds, y la importancia de no olvidar los ideales que dieron origen a este movimiento social.<\/p>\n<p>\u201cHoy, m\u00e1s que nunca, debemos recordar el sacrificio de quienes lucharon por la libertad, la igualdad y la justicia. En Badiraguato, estamos comprometidos con esos mismos principios, promoviendo la educaci\u00f3n y la cultura para que nuestras futuras generaciones entiendan el valor de nuestra historia\u201d, se\u00f1al\u00f3 el edil.<\/p>\n<p>El evento estuvo marcado por la presencia de estudiantes de diversas instituciones educativas, quienes participaron con entusiasmo en las actividades, mostrando su aprecio por la historia nacional y la cultura mexicana a trav\u00e9s de bailes folcl\u00f3ricos y representaciones art\u00edsticas. El desfile tambi\u00e9n incluy\u00f3 una exhibici\u00f3n de las fuerzas armadas, que mostraron su equipo y habilidades, como parte de la conmemoraci\u00f3n.<\/p>\n","protected":false},"excerpt":{"rendered":"<p>\ud83d\udd38 El presidente municipal reafirm\u00f3 su compromiso con la educaci\u00f3n y la preservaci\u00f3n de la&#8230;<\/p>\n","protected":false},"author":1,"featured_media":26971,"comment_status":"open","ping_status":"closed","sticky":false,"template":"","format":"standard","meta":{"footnotes":""},"categories":[27],"tags":[],"class_list":["post-26969","post","type-post","status-publish","format-standard","has-post-thumbnail","hentry","category-sinaloa"],"_links":{"self":[{"href":"https:\/\/newsqr.com.mx\/index.php?rest_route=\/wp\/v2\/posts\/26969","targetHints":{"allow":["GET"]}}],"collection":[{"href":"https:\/\/newsqr.com.mx\/index.php?rest_route=\/wp\/v2\/posts"}],"about":[{"href":"https:\/\/newsqr.com.mx\/index.php?rest_route=\/wp\/v2\/types\/post"}],"author":[{"embeddable":true,"href":"https:\/\/newsqr.com.mx\/index.php?rest_route=\/wp\/v2\/users\/1"}],"replies":[{"embeddable":true,"href":"https:\/\/newsqr.com.mx\/index.php?rest_route=%2Fwp%2Fv2%2Fcomments&post=26969"}],"version-history":[{"count":1,"href":"https:\/\/newsqr.com.mx\/index.php?rest_route=\/wp\/v2\/posts\/26969\/revisions"}],"predecessor-version":[{"id":26970,"href":"https:\/\/newsqr.com.mx\/index.php?rest_route=\/wp\/v2\/posts\/26969\/revisions\/26970"}],"wp:featuredmedia":[{"embeddable":true,"href":"https:\/\/newsqr.com.mx\/index.php?rest_route=\/wp\/v2\/media\/26971"}],"wp:attachment":[{"href":"https:\/\/newsqr.com.mx\/index.php?rest_route=%2Fwp%2Fv2%2Fmedia&parent=26969"}],"wp:term":[{"taxonomy":"category","embeddable":true,"href":"https:\/\/newsqr.com.mx\/index.php?rest_route=%2Fwp%2Fv2%2Fcategories&post=26969"},{"taxonomy":"post_tag","embeddable":true,"href":"https:\/\/newsqr.com.mx\/index.php?rest_route=%2Fwp%2Fv2%2Ftags&post=26969"}],"curies":[{"name":"wp","href":"https:\/\/api.w.org\/{rel}","templated":true}]}}