{"id":27019,"date":"2024-11-23T07:00:03","date_gmt":"2024-11-23T12:00:03","guid":{"rendered":"https:\/\/newsqr.com.mx\/?p=27019"},"modified":"2024-11-24T05:20:52","modified_gmt":"2024-11-24T05:20:52","slug":"termina-la-etapa-neoliberal-en-mexico-monreal","status":"publish","type":"post","link":"https:\/\/newsqr.com.mx\/?p=27019","title":{"rendered":"Termina la etapa neoliberal en M\u00e9xico: Monreal"},"content":{"rendered":"<p>\ud83d\udd38 El l\u00edder de la bancada guinda afirma que \u00f3rganos aut\u00f3nomos fueron un implante.<\/p>\n<p>#NACIONAL | Con la desaparici\u00f3n de siete \u00f3rganos aut\u00f3nomos, entre ellos el Inai (encargado de transparentar los gastos del gobierno) y el Coneval (responsable de medir la pobreza y evaluar la eficiencia de los programas sociales), \u201ctermina la etapa neoliberal en M\u00e9xico\u201d, dijo Ricardo Monreal, coordinador de la bancada morenista en la C\u00e1mara de Diputados.<\/p>\n<p>Los d\u00edas 20 y 21 de noviembre, Morena y sus aliados en la C\u00e1mara Baja aprobaron modificar la Constituci\u00f3n para extinguir a dichos \u00f3rganos aut\u00f3nomos y otros cinco (IFT, CNH, CRE, Mejoredu y Cofece), y enviaron la minuta al Senado.<\/p>\n<p>Monreal \u00c1vila afirm\u00f3 que los \u00f3rganos aut\u00f3nomos fueron \u201cpromovidos por intereses tecnocr\u00e1ticos internacionales\u201d. En contraparte, la Confederaci\u00f3n Patronal de la Rep\u00fablica Mexicana (Coparmex) ha se\u00f1alado que con la extinci\u00f3n, el gobierno federal busca \u201cconcentrar el poder\u201d.<\/p>\n<p>\u201cHoy es un d\u00eda especial para el constitucionalismo mexicano. Cerramos la etapa del institucionalismo neoliberal y rescatamos el constitucionalismo democr\u00e1tico social, alineado con las grandes luchas populares de nuestra historia\u201d, dijo.<\/p>\n<p>Se\u00f1al\u00f3 que los \u00f3rganos aut\u00f3nomos fueron \u201cun implante ajeno a las demandas populares\u201d, promovido para frenar los movimientos sociales y econ\u00f3micos que impulsaron transformaciones en M\u00e9xico.<\/p>\n<p>Los organismos aut\u00f3nomos han recibido una asignaci\u00f3n total de 32 mil 313 millones de pesos desde su creaci\u00f3n hasta 2024, y los ahorros que se generen con la transferencia de funciones de estos entes p\u00fablicos se destinar\u00e1n al Fondo de Pensiones para el Bienestar, se\u00f1al\u00f3 en d\u00edas pasados la diputada Gabriela Jim\u00e9nez Godoy, vicecoordinadora de la bancada de Morena.<\/p>\n","protected":false},"excerpt":{"rendered":"<p>\ud83d\udd38 El l\u00edder de la bancada guinda afirma que \u00f3rganos aut\u00f3nomos fueron un implante. #NACIONAL&#8230;<\/p>\n","protected":false},"author":1,"featured_media":27021,"comment_status":"open","ping_status":"closed","sticky":false,"template":"","format":"standard","meta":{"footnotes":""},"categories":[2],"tags":[],"class_list":["post-27019","post","type-post","status-publish","format-standard","has-post-thumbnail","hentry","category-nacional"],"_links":{"self":[{"href":"https:\/\/newsqr.com.mx\/index.php?rest_route=\/wp\/v2\/posts\/27019","targetHints":{"allow":["GET"]}}],"collection":[{"href":"https:\/\/newsqr.com.mx\/index.php?rest_route=\/wp\/v2\/posts"}],"about":[{"href":"https:\/\/newsqr.com.mx\/index.php?rest_route=\/wp\/v2\/types\/post"}],"author":[{"embeddable":true,"href":"https:\/\/newsqr.com.mx\/index.php?rest_route=\/wp\/v2\/users\/1"}],"replies":[{"embeddable":true,"href":"https:\/\/newsqr.com.mx\/index.php?rest_route=%2Fwp%2Fv2%2Fcomments&post=27019"}],"version-history":[{"count":1,"href":"https:\/\/newsqr.com.mx\/index.php?rest_route=\/wp\/v2\/posts\/27019\/revisions"}],"predecessor-version":[{"id":27020,"href":"https:\/\/newsqr.com.mx\/index.php?rest_route=\/wp\/v2\/posts\/27019\/revisions\/27020"}],"wp:featuredmedia":[{"embeddable":true,"href":"https:\/\/newsqr.com.mx\/index.php?rest_route=\/wp\/v2\/media\/27021"}],"wp:attachment":[{"href":"https:\/\/newsqr.com.mx\/index.php?rest_route=%2Fwp%2Fv2%2Fmedia&parent=27019"}],"wp:term":[{"taxonomy":"category","embeddable":true,"href":"https:\/\/newsqr.com.mx\/index.php?rest_route=%2Fwp%2Fv2%2Fcategories&post=27019"},{"taxonomy":"post_tag","embeddable":true,"href":"https:\/\/newsqr.com.mx\/index.php?rest_route=%2Fwp%2Fv2%2Ftags&post=27019"}],"curies":[{"name":"wp","href":"https:\/\/api.w.org\/{rel}","templated":true}]}}