{"id":27022,"date":"2024-11-23T07:20:32","date_gmt":"2024-11-23T12:20:32","guid":{"rendered":"https:\/\/newsqr.com.mx\/?p=27022"},"modified":"2024-11-24T05:23:20","modified_gmt":"2024-11-24T05:23:20","slug":"alejandra-guzman-fue-captada-saliendo-de-la-casa-de-silvia-pinal-un-dia-antes-de-que-fuera-hospitalizada","status":"publish","type":"post","link":"https:\/\/newsqr.com.mx\/?p=27022","title":{"rendered":"Alejandra Guzm\u00e1n fue captada saliendo de la casa de Silvia Pinal un d\u00eda antes de que fuera hospitalizada"},"content":{"rendered":"<p>\ud83d\udd38La exconductora de \u00abMujer Casos de la Vida Real\u00bb permanecer\u00e1 internada en un hospital en el sur de la Ciudad de M\u00e9xico por al menos 72 horas.<\/p>\n<p>#ESPECT\u00c1CULOS | La actriz mexicana Silvia Pinal permanece internada en un hospital en el sur de la Ciudad de M\u00e9xico por al menos 72 horas, seg\u00fan inform\u00f3 su hija, la cantante Alejandra Guzm\u00e1n.<\/p>\n<p>D\u00edas antes, Guzm\u00e1n confirm\u00f3 que la diva del Cine de Oro mexicano estaba enferma, pero asegur\u00f3 que estaba estable, no obstante ayer se confirm\u00f3 su hospitalizaci\u00f3n.<\/p>\n<p>Un d\u00eda antes, el jueves, Guzm\u00e1n fue captada por medios mientras sal\u00eda de la casa de su madre, a quien dijo que visit\u00f3 por problemas de una infecci\u00f3n en las v\u00edas urinarias. \u201cLa veo mejor, ya me ment\u00f3 la madre, eso significa que ya est\u00e1 mejor\u00bb, brome\u00f3 con los periodistas.<\/p>\n<p>A finales del a\u00f1o pasado, la diva del cine mexicano fue ingresada al Hospital M\u00e9dica Sur por varios d\u00edas por influenza, y previamente, desde hace algunos a\u00f1os ha encendido constantemente las alarmas sobre su estado de salud.<\/p>\n<p>Sobre el estado de Silvia Pinal, Guzm\u00e1n dijo que su madre debe permanecer internada \u00abpor lo menos 72 horas en lo que reacciona\u00bb.<\/p>\n<p>\u00abLe est\u00e1 echando muchas ganas(\u2026) Ah\u00ed va, rez\u00e1ndole a Dios. La veo mejor, ahorita se acab\u00f3 toda la charola, est\u00e1 comiendo bien, ya no le tuvieron que poner la sonda\u00bb, detall\u00f3 la cantante al programa &#8216;Despierta Am\u00e9rica&#8217;.<\/p>\n<p>Pinal, de 93 a\u00f1os, fue hospitalizada por complicaciones de una infecci\u00f3n urinaria y arritmia card\u00edaca, seg\u00fan los primeros reportes de la tarde del viernes.<\/p>\n","protected":false},"excerpt":{"rendered":"<p>\ud83d\udd38La exconductora de \u00abMujer Casos de la Vida Real\u00bb permanecer\u00e1 internada en un hospital en&#8230;<\/p>\n","protected":false},"author":1,"featured_media":27024,"comment_status":"open","ping_status":"closed","sticky":false,"template":"","format":"standard","meta":{"footnotes":""},"categories":[3],"tags":[],"class_list":["post-27022","post","type-post","status-publish","format-standard","has-post-thumbnail","hentry","category-espectaculos"],"_links":{"self":[{"href":"https:\/\/newsqr.com.mx\/index.php?rest_route=\/wp\/v2\/posts\/27022","targetHints":{"allow":["GET"]}}],"collection":[{"href":"https:\/\/newsqr.com.mx\/index.php?rest_route=\/wp\/v2\/posts"}],"about":[{"href":"https:\/\/newsqr.com.mx\/index.php?rest_route=\/wp\/v2\/types\/post"}],"author":[{"embeddable":true,"href":"https:\/\/newsqr.com.mx\/index.php?rest_route=\/wp\/v2\/users\/1"}],"replies":[{"embeddable":true,"href":"https:\/\/newsqr.com.mx\/index.php?rest_route=%2Fwp%2Fv2%2Fcomments&post=27022"}],"version-history":[{"count":1,"href":"https:\/\/newsqr.com.mx\/index.php?rest_route=\/wp\/v2\/posts\/27022\/revisions"}],"predecessor-version":[{"id":27023,"href":"https:\/\/newsqr.com.mx\/index.php?rest_route=\/wp\/v2\/posts\/27022\/revisions\/27023"}],"wp:featuredmedia":[{"embeddable":true,"href":"https:\/\/newsqr.com.mx\/index.php?rest_route=\/wp\/v2\/media\/27024"}],"wp:attachment":[{"href":"https:\/\/newsqr.com.mx\/index.php?rest_route=%2Fwp%2Fv2%2Fmedia&parent=27022"}],"wp:term":[{"taxonomy":"category","embeddable":true,"href":"https:\/\/newsqr.com.mx\/index.php?rest_route=%2Fwp%2Fv2%2Fcategories&post=27022"},{"taxonomy":"post_tag","embeddable":true,"href":"https:\/\/newsqr.com.mx\/index.php?rest_route=%2Fwp%2Fv2%2Ftags&post=27022"}],"curies":[{"name":"wp","href":"https:\/\/api.w.org\/{rel}","templated":true}]}}