{"id":27118,"date":"2024-11-28T11:44:47","date_gmt":"2024-11-28T16:44:47","guid":{"rendered":"https:\/\/newsqr.com.mx\/?p=27118"},"modified":"2024-11-28T16:44:48","modified_gmt":"2024-11-28T16:44:48","slug":"no-queda-nada-el-duro-regreso-de-los-habitantes-de-libano-a-sus-hogares-tras-el-alto-el-fuego-entre-israel-y-hezbola","status":"publish","type":"post","link":"https:\/\/newsqr.com.mx\/?p=27118","title":{"rendered":"\u00abNo queda nada\u00bb: el duro regreso de los habitantes de L\u00edbano a sus hogares tras el alto el fuego entre Israel y Hezbol\u00e1"},"content":{"rendered":"<p>\ud83d\udd38La calma reinaba ayer mi\u00e9rcoles en el sur de L\u00edbano con el inicio del alto el fuego acordado entre Israel y Hezbol\u00e1 tras m\u00e1s de un a\u00f1o de conflicto y meses de intensos bombardeos.<\/p>\n<p>#INTERNACIONAL | El sur del L\u00edbano amaneci\u00f3 con una calma inesperada tras la entrada en vigor del alto el fuego entre Israel y Hezbol\u00e1, un acuerdo que pone fin a m\u00e1s de un a\u00f1o de enfrentamientos y meses de bombardeos intensos. La tregua marca el inicio de una nueva etapa, aunque la devastaci\u00f3n dejada por el conflicto plantea enormes desaf\u00edos humanitarios.<\/p>\n<p>### **Devastaci\u00f3n y desplazamiento masivo**<br \/>\nLa guerra ha dejado profundas cicatrices en el L\u00edbano. Seg\u00fan cifras oficiales, 3.823 personas han perdido la vida y m\u00e1s de 15.000 han resultado heridas. Adem\u00e1s, 1,5 millones de residentes se vieron obligados a abandonar sus hogares, principalmente en \u00e1reas de Beirut y otras localidades bajo influencia de Hezbol\u00e1, grupo que desempe\u00f1a un papel pol\u00edtico y militar clave en el pa\u00eds, pero que es considerado una organizaci\u00f3n terrorista por Estados Unidos y la Uni\u00f3n Europea.<\/p>\n<p>En la madrugada del mi\u00e9rcoles, las autopistas que conectan Beirut con el sur del pa\u00eds estaban saturadas. Familias desplazadas emprendieron el retorno con veh\u00edculos repletos de pertenencias, mientras que otros regresaron en motocicletas o caminando, enfrent\u00e1ndose a un panorama desolador.<\/p>\n<p>### **Emociones encontradas en el regreso**<br \/>\nPara muchos, la vuelta a casa estuvo marcada por sentimientos mixtos. Aunque el cese de las hostilidades trajo alivio, la destrucci\u00f3n es omnipresente. Ali Hijazi, un residente desplazado, describi\u00f3 la situaci\u00f3n como \u00abun cruce entre tristeza y alegr\u00eda\u00bb. Algunos retornaron para encontrar edificios en ruinas donde antes estaban sus hogares.<\/p>\n<p>\u00abNos fuimos con lo puesto. Cuando volvimos, ya no hab\u00eda nada\u00bb, relat\u00f3 una joven frente a las c\u00e1maras de BBC News, mientras contemplaba lo que sol\u00eda ser su hogar en Beirut.<\/p>\n<p>### **Impacto en Israel y la regi\u00f3n**<br \/>\nEl norte de Israel tambi\u00e9n sufri\u00f3 las consecuencias de los enfrentamientos, con miles de residentes desplazados por los ataques con cohetes de Hezbol\u00e1, que se intensificaron tras el apoyo del grupo al ataque de Ham\u00e1s contra Israel el 7 de octubre de 2023.<\/p>\n<p>### **Tensiones persistentes y advertencias internacionales**<br \/>\nEl primer ministro de Israel, Benjam\u00edn Netanyahu, advirti\u00f3 que cualquier violaci\u00f3n del alto el fuego ser\u00e1 respondida con contundencia. Por su parte, el presidente estadounidense, Joe Biden, reafirm\u00f3 el derecho de Israel a defenderse conforme al derecho internacional.<\/p>\n<p>Aunque el acuerdo inicial contempla 60 d\u00edas de tregua, analistas como Dennis Ross consideran que ambas partes buscar\u00e1n extenderlo. \u00abHezbol\u00e1 necesita tiempo para recuperarse tras la p\u00e9rdida de sus l\u00edderes, e Israel no quiere verse atascado en otra guerra prolongada\u00bb, se\u00f1al\u00f3 el exenviado de EE.UU. a Oriente Medio.<\/p>\n<p>### **Una crisis que apenas comienza**<br \/>\nMientras el L\u00edbano intenta recuperarse, la situaci\u00f3n humanitaria en Gaza sigue siendo alarmante. Los ataques israel\u00edes en respuesta al conflicto con Ham\u00e1s han dejado m\u00e1s de 40.000 muertos y una crisis humanitaria sin precedentes.<\/p>\n<p>El alto el fuego en el sur del L\u00edbano podr\u00eda marcar un respiro temporal en una regi\u00f3n azotada por la violencia, pero los desaf\u00edos para lograr una paz duradera son inmensos, y las tensiones subyacentes permanecen latentes.<\/p>\n","protected":false},"excerpt":{"rendered":"<p>\ud83d\udd38La calma reinaba ayer mi\u00e9rcoles en el sur de L\u00edbano con el inicio del alto&#8230;<\/p>\n","protected":false},"author":1,"featured_media":27120,"comment_status":"open","ping_status":"closed","sticky":false,"template":"","format":"standard","meta":{"footnotes":""},"categories":[6],"tags":[],"class_list":["post-27118","post","type-post","status-publish","format-standard","has-post-thumbnail","hentry","category-internacional"],"_links":{"self":[{"href":"https:\/\/newsqr.com.mx\/index.php?rest_route=\/wp\/v2\/posts\/27118","targetHints":{"allow":["GET"]}}],"collection":[{"href":"https:\/\/newsqr.com.mx\/index.php?rest_route=\/wp\/v2\/posts"}],"about":[{"href":"https:\/\/newsqr.com.mx\/index.php?rest_route=\/wp\/v2\/types\/post"}],"author":[{"embeddable":true,"href":"https:\/\/newsqr.com.mx\/index.php?rest_route=\/wp\/v2\/users\/1"}],"replies":[{"embeddable":true,"href":"https:\/\/newsqr.com.mx\/index.php?rest_route=%2Fwp%2Fv2%2Fcomments&post=27118"}],"version-history":[{"count":1,"href":"https:\/\/newsqr.com.mx\/index.php?rest_route=\/wp\/v2\/posts\/27118\/revisions"}],"predecessor-version":[{"id":27119,"href":"https:\/\/newsqr.com.mx\/index.php?rest_route=\/wp\/v2\/posts\/27118\/revisions\/27119"}],"wp:featuredmedia":[{"embeddable":true,"href":"https:\/\/newsqr.com.mx\/index.php?rest_route=\/wp\/v2\/media\/27120"}],"wp:attachment":[{"href":"https:\/\/newsqr.com.mx\/index.php?rest_route=%2Fwp%2Fv2%2Fmedia&parent=27118"}],"wp:term":[{"taxonomy":"category","embeddable":true,"href":"https:\/\/newsqr.com.mx\/index.php?rest_route=%2Fwp%2Fv2%2Fcategories&post=27118"},{"taxonomy":"post_tag","embeddable":true,"href":"https:\/\/newsqr.com.mx\/index.php?rest_route=%2Fwp%2Fv2%2Ftags&post=27118"}],"curies":[{"name":"wp","href":"https:\/\/api.w.org\/{rel}","templated":true}]}}