{"id":27205,"date":"2024-12-03T08:08:22","date_gmt":"2024-12-03T13:08:22","guid":{"rendered":"https:\/\/newsqr.com.mx\/?p=27205"},"modified":"2024-12-03T13:08:23","modified_gmt":"2024-12-03T13:08:23","slug":"mara-lezama-inaugura-la-villa-navidena-y-pista-ecologica-en-malecon-tajamar","status":"publish","type":"post","link":"https:\/\/newsqr.com.mx\/?p=27205","title":{"rendered":"Mara Lezama inaugura la Villa Navide\u00f1a y Pista Ecol\u00f3gica en Malec\u00f3n Tajamar"},"content":{"rendered":"<p>\ud83d\udd38 La gobernadora resalta valores de esperanza, amor y uni\u00f3n familiar en la temporada navide\u00f1a, impulsando el Nuevo Acuerdo por el Bienestar de Quintana Roo<\/p>\n<p>#CANC\u00daN |El Malec\u00f3n Tajamar se transform\u00f3 en un escenario lleno de luces y esp\u00edritu navide\u00f1o con la inauguraci\u00f3n de la Villa Navide\u00f1a y la pista ecol\u00f3gica de patinaje, encabezada por la gobernadora Mara Lezama Espinosa y la presidenta municipal Ana Paty Peralta. Este espacio festivo estar\u00e1 abierto hasta el 5 de enero de 2025, ofreciendo a las familias quintanarroenses una experiencia m\u00e1gica.<\/p>\n<p>Durante el evento, Mara Lezama destac\u00f3 la importancia de la uni\u00f3n familiar y la esperanza en el marco del *Nuevo Acuerdo por el Bienestar y Desarrollo de Quintana Roo:<br \/>\n\u00abNos damos la mano y avanzamos juntas y juntos hacia la prosperidad compartida, donde nadie se quede atr\u00e1s ni fuera de las oportunidades de progreso y desarrollo,\u00bb expres\u00f3.<\/p>\n<p>En un ambiente festivo, cientos de familias disfrutaron del encendido del \u00e1rbol navide\u00f1o y recorrieron las 12 villas tem\u00e1ticas, entre ellas la F\u00e1brica de Pap\u00e1 Noel, Dulcelandia, Chocolandia, y la Villa del Tren Maya. Estas ofrecen actividades para todas las edades y reflejan la diversidad cultural de la regi\u00f3n.<\/p>\n<p>Atracciones para toda la familia<br \/>\nLos asistentes podr\u00e1n disfrutar de una pista de patinaje ecol\u00f3gica, recorridos en trenecito, juegos mec\u00e1nicos, y un escenario con espect\u00e1culos art\u00edsticos que incluyen presentaciones de ballet cl\u00e1sico y m\u00fasica en vivo. Adem\u00e1s, encontrar\u00e1n \u00e1reas de comida con antojitos regionales como marquesitas, tamales y esquites, as\u00ed como stands con adornos navide\u00f1os y accesorios.<\/p>\n<p>La presidenta municipal Ana Paty Peralta invit\u00f3 a la comunidad a disfrutar de estas instalaciones hechas con amor para brindar alegr\u00eda en esta temporada:<br \/>\n\u00abQueremos que la ni\u00f1ez, la juventud y las familias vivan momentos de felicidad y uni\u00f3n,\u00bb coment\u00f3.<\/p>\n<p>En el evento tambi\u00e9n estuvieron presentes la presidenta honoraria del Sistema DIF Quintana Roo, Ver\u00f3nica Lezama Espinosa; el magistrado Heyden Cebada Rivas, presidente del Tribunal Superior de Justicia; el diputado Jorge Sanen Cervantes, y otros funcionarios.<\/p>\n<p>Con esta iniciativa, el gobierno de Quintana Roo reafirma su compromiso con la convivencia familiar, fortaleciendo la identidad y la tradici\u00f3n navide\u00f1a en la regi\u00f3n.<\/p>\n","protected":false},"excerpt":{"rendered":"<p>\ud83d\udd38 La gobernadora resalta valores de esperanza, amor y uni\u00f3n familiar en la temporada navide\u00f1a,&#8230;<\/p>\n","protected":false},"author":1,"featured_media":27207,"comment_status":"open","ping_status":"closed","sticky":false,"template":"","format":"standard","meta":{"footnotes":""},"categories":[4],"tags":[],"class_list":["post-27205","post","type-post","status-publish","format-standard","has-post-thumbnail","hentry","category-quintana-roo"],"_links":{"self":[{"href":"https:\/\/newsqr.com.mx\/index.php?rest_route=\/wp\/v2\/posts\/27205","targetHints":{"allow":["GET"]}}],"collection":[{"href":"https:\/\/newsqr.com.mx\/index.php?rest_route=\/wp\/v2\/posts"}],"about":[{"href":"https:\/\/newsqr.com.mx\/index.php?rest_route=\/wp\/v2\/types\/post"}],"author":[{"embeddable":true,"href":"https:\/\/newsqr.com.mx\/index.php?rest_route=\/wp\/v2\/users\/1"}],"replies":[{"embeddable":true,"href":"https:\/\/newsqr.com.mx\/index.php?rest_route=%2Fwp%2Fv2%2Fcomments&post=27205"}],"version-history":[{"count":1,"href":"https:\/\/newsqr.com.mx\/index.php?rest_route=\/wp\/v2\/posts\/27205\/revisions"}],"predecessor-version":[{"id":27206,"href":"https:\/\/newsqr.com.mx\/index.php?rest_route=\/wp\/v2\/posts\/27205\/revisions\/27206"}],"wp:featuredmedia":[{"embeddable":true,"href":"https:\/\/newsqr.com.mx\/index.php?rest_route=\/wp\/v2\/media\/27207"}],"wp:attachment":[{"href":"https:\/\/newsqr.com.mx\/index.php?rest_route=%2Fwp%2Fv2%2Fmedia&parent=27205"}],"wp:term":[{"taxonomy":"category","embeddable":true,"href":"https:\/\/newsqr.com.mx\/index.php?rest_route=%2Fwp%2Fv2%2Fcategories&post=27205"},{"taxonomy":"post_tag","embeddable":true,"href":"https:\/\/newsqr.com.mx\/index.php?rest_route=%2Fwp%2Fv2%2Ftags&post=27205"}],"curies":[{"name":"wp","href":"https:\/\/api.w.org\/{rel}","templated":true}]}}