{"id":27208,"date":"2024-12-03T08:25:37","date_gmt":"2024-12-03T13:25:37","guid":{"rendered":"https:\/\/newsqr.com.mx\/?p=27208"},"modified":"2024-12-03T13:25:39","modified_gmt":"2024-12-03T13:25:39","slug":"arresta-fge-de-quintana-roo-a-taxista-por-presunto-abuso-en-benito-juarez","status":"publish","type":"post","link":"https:\/\/newsqr.com.mx\/?p=27208","title":{"rendered":"Arresta FGE de Quintana Roo a taxista por presunto abuso en Benito Ju\u00e1rez"},"content":{"rendered":"<p>\ud83d\udd38 Jos\u00e9 Roberto \u201cN\u201d fue detenido por su probable participaci\u00f3n en los hechos ocurridos el 30 de noviembre; la Fiscal\u00eda exhorta a posibles v\u00edctimas a denunciar<\/p>\n<p>&nbsp;<\/p>\n<p>#CANC\u00daN | La Fiscal\u00eda General del Estado (FGE) de Quintana Roo inform\u00f3 sobre la detenci\u00f3n de Jos\u00e9 Roberto \u201cN\u201d, taxista se\u00f1alado como presunto responsable del delito de abuso en agravio de una v\u00edctima cuya identidad se mantiene reservada. Los hechos ocurrieron la noche del 30 de noviembre en Can\u00fan.<\/p>\n<p>La aprehensi\u00f3n fue realizada por la Fiscal\u00eda Especializada en Combate a Delitos Sexuales y el Libre Desarrollo de la Personalidad. De acuerdo con las investigaciones, la v\u00edctima abord\u00f3 un taxi al salir de un establecimiento y, al d\u00eda siguiente, despert\u00f3 en un motel ubicado en la Supermanzana 239, donde Jos\u00e9 Roberto \u201cN\u201d presuntamente cometi\u00f3 el abuso. Tras ser confrontado por la v\u00edctima, el sujeto abandon\u00f3 el lugar.<\/p>\n<p>Luego de la denuncia presentada, la FGE abri\u00f3 una carpeta de investigaci\u00f3n y logr\u00f3 la captura del presunto agresor, quien qued\u00f3 a disposici\u00f3n del Ministerio P\u00fablico. Su situaci\u00f3n jur\u00eddica se definir\u00e1 en el plazo legal correspondiente.<\/p>\n<p>Llamado a la ciudadan\u00eda<br \/>\nLa Fiscal\u00eda exhorta a cualquier persona que reconozca o haya sido v\u00edctima de delitos cometidos por este individuo a presentarse y denunciar ante las autoridades correspondientes, reforzando as\u00ed las acciones para garantizar una vida libre de violencia para las mujeres en Quintana Roo.<\/p>\n","protected":false},"excerpt":{"rendered":"<p>\ud83d\udd38 Jos\u00e9 Roberto \u201cN\u201d fue detenido por su probable participaci\u00f3n en los hechos ocurridos el&#8230;<\/p>\n","protected":false},"author":1,"featured_media":27210,"comment_status":"open","ping_status":"closed","sticky":false,"template":"","format":"standard","meta":{"footnotes":""},"categories":[4],"tags":[],"class_list":["post-27208","post","type-post","status-publish","format-standard","has-post-thumbnail","hentry","category-quintana-roo"],"_links":{"self":[{"href":"https:\/\/newsqr.com.mx\/index.php?rest_route=\/wp\/v2\/posts\/27208","targetHints":{"allow":["GET"]}}],"collection":[{"href":"https:\/\/newsqr.com.mx\/index.php?rest_route=\/wp\/v2\/posts"}],"about":[{"href":"https:\/\/newsqr.com.mx\/index.php?rest_route=\/wp\/v2\/types\/post"}],"author":[{"embeddable":true,"href":"https:\/\/newsqr.com.mx\/index.php?rest_route=\/wp\/v2\/users\/1"}],"replies":[{"embeddable":true,"href":"https:\/\/newsqr.com.mx\/index.php?rest_route=%2Fwp%2Fv2%2Fcomments&post=27208"}],"version-history":[{"count":1,"href":"https:\/\/newsqr.com.mx\/index.php?rest_route=\/wp\/v2\/posts\/27208\/revisions"}],"predecessor-version":[{"id":27209,"href":"https:\/\/newsqr.com.mx\/index.php?rest_route=\/wp\/v2\/posts\/27208\/revisions\/27209"}],"wp:featuredmedia":[{"embeddable":true,"href":"https:\/\/newsqr.com.mx\/index.php?rest_route=\/wp\/v2\/media\/27210"}],"wp:attachment":[{"href":"https:\/\/newsqr.com.mx\/index.php?rest_route=%2Fwp%2Fv2%2Fmedia&parent=27208"}],"wp:term":[{"taxonomy":"category","embeddable":true,"href":"https:\/\/newsqr.com.mx\/index.php?rest_route=%2Fwp%2Fv2%2Fcategories&post=27208"},{"taxonomy":"post_tag","embeddable":true,"href":"https:\/\/newsqr.com.mx\/index.php?rest_route=%2Fwp%2Fv2%2Ftags&post=27208"}],"curies":[{"name":"wp","href":"https:\/\/api.w.org\/{rel}","templated":true}]}}