{"id":27256,"date":"2024-12-07T18:47:26","date_gmt":"2024-12-07T23:47:26","guid":{"rendered":"https:\/\/newsqr.com.mx\/?p=27256"},"modified":"2024-12-07T23:47:27","modified_gmt":"2024-12-07T23:47:27","slug":"sheinbaum-inaugura-modernizacion-en-autopista-tuxtla-gutierrez-san-cristobal-de-las-casas","status":"publish","type":"post","link":"https:\/\/newsqr.com.mx\/?p=27256","title":{"rendered":"Sheinbaum inaugura modernizaci\u00f3n en autopista Tuxtla Guti\u00e9rrez- San Cristobal de las Casas"},"content":{"rendered":"<p>\ud83d\udd38La presidenta estuvo acompa\u00f1ada del gobernador de la entidad, Rutilio Escand\u00f3n y del pr\u00f3ximo mandatario chiapaneco, Eduardo Ram\u00edrez.<\/p>\n<p>#NACIONAL | Claudia Sheinbaum inaugur\u00f3 la modernizaci\u00f3n de la autopista Tuxtla Guti\u00e9rrez- San Cristobal de las Casas, en el estado de Chiapas, la cual reducir\u00e1 tiempos de traslado y mejorar\u00e1 la seguridad vial.<\/p>\n<p>La mandataria cort\u00f3 el list\u00f3n de dicha obra, en un acto que se llev\u00f3 a cabo en el kil\u00f3metro 16 de dicha autopista, acompa\u00f1ada del gobernador de la entidad, Rutilio Escand\u00f3n y del pr\u00f3ximo mandatario chiapaneco, Eduardo Ram\u00edrez.<\/p>\n<p>El secretario de Infraestructura, Comunicaciones y Transportes, Jes\u00fas Esteva, dio a conocer que se intervinieron los 46 kil\u00f3metros de esta autopista, asimismo, en 30 de \u00e9stos se ampli\u00f3 a un tercer carril.<\/p>\n<p>Desde el municipio de Chiapa de Corzo, el funcionario a\u00f1adi\u00f3 que dicha modernizaci\u00f3n y ampliaci\u00f3n tuvo una inversi\u00f3n de mil 45 millones de pesos.<\/p>\n<p>\u201cSe intervinieron siete pasos inferiores vehiculares, se ampliaron, se construyeron tres rampas de frenado, se modernizaron, y se ampliaron cuatro puentes\u00bb, inform\u00f3 Esteva.<\/p>\n<p>\u201cEstamos hablando de un beneficio de cerca de un mill\u00f3n de habitantes, se utilizaron equipos, 42 m\u00e1quinas, 400 trabajadores, se aplicaron m\u00e1s de 13 mil metros c\u00fabicos de concreto hidr\u00e1ulico, 913 toneladas de acero\u201d, resalt\u00f3.<\/p>\n<p>Esteva a\u00f1adi\u00f3 que la obra beneficiar\u00e1 a 12 mil veh\u00edculos que pasan por esta v\u00eda cada d\u00eda, as\u00ed como a seis municipios y a 50 comunidades, \u201cse reducen los tiempos de traslado y se mejora la seguridad vial\u201d.<\/p>\n<p>En tanto, el gobernador Rutilio Escand\u00f3n, se\u00f1al\u00f3 que la autopista no solo ser\u00e1 un eje de comunicaci\u00f3n m\u00e1s eficiente y seguro, sino tambi\u00e9n una v\u00eda para impulsar el turismo, facilitar el transporte de mercanc\u00edas de los pueblos ind\u00edgenas, y reducir tiempos de traslado.<\/p>\n<p>\u201cEsta v\u00eda de comunicaci\u00f3n ampliada, es una muestra m\u00e1s de excelente coordinaci\u00f3n institucional, entre el estado de Chiapas y el gobierno de la Rep\u00fablica, refrendando nuestro nacionalismo y los 200 a\u00f1os de la Federaci\u00f3n de Chiapas a M\u00e9xico\u00bb, asever\u00f3\u00a0Escand\u00f3n.<\/p>\n<p>\u201cEstoy seguro que los proyectos de la Federaci\u00f3n para Chiapas y el sureste de M\u00e9xico seguir\u00e1n desarroll\u00e1ndose en beneficio del pueblo, sobre todo con la colaboraci\u00f3n del gobierno estatal entrante que encabeza el doctor Eduardo Ram\u00edrez Aguilar\u201d, apunt\u00f3.<\/p>\n","protected":false},"excerpt":{"rendered":"<p>\ud83d\udd38La presidenta estuvo acompa\u00f1ada del gobernador de la entidad, Rutilio Escand\u00f3n y del pr\u00f3ximo mandatario&#8230;<\/p>\n","protected":false},"author":1,"featured_media":27258,"comment_status":"open","ping_status":"closed","sticky":false,"template":"","format":"standard","meta":{"footnotes":""},"categories":[2],"tags":[],"class_list":["post-27256","post","type-post","status-publish","format-standard","has-post-thumbnail","hentry","category-nacional"],"_links":{"self":[{"href":"https:\/\/newsqr.com.mx\/index.php?rest_route=\/wp\/v2\/posts\/27256","targetHints":{"allow":["GET"]}}],"collection":[{"href":"https:\/\/newsqr.com.mx\/index.php?rest_route=\/wp\/v2\/posts"}],"about":[{"href":"https:\/\/newsqr.com.mx\/index.php?rest_route=\/wp\/v2\/types\/post"}],"author":[{"embeddable":true,"href":"https:\/\/newsqr.com.mx\/index.php?rest_route=\/wp\/v2\/users\/1"}],"replies":[{"embeddable":true,"href":"https:\/\/newsqr.com.mx\/index.php?rest_route=%2Fwp%2Fv2%2Fcomments&post=27256"}],"version-history":[{"count":1,"href":"https:\/\/newsqr.com.mx\/index.php?rest_route=\/wp\/v2\/posts\/27256\/revisions"}],"predecessor-version":[{"id":27257,"href":"https:\/\/newsqr.com.mx\/index.php?rest_route=\/wp\/v2\/posts\/27256\/revisions\/27257"}],"wp:featuredmedia":[{"embeddable":true,"href":"https:\/\/newsqr.com.mx\/index.php?rest_route=\/wp\/v2\/media\/27258"}],"wp:attachment":[{"href":"https:\/\/newsqr.com.mx\/index.php?rest_route=%2Fwp%2Fv2%2Fmedia&parent=27256"}],"wp:term":[{"taxonomy":"category","embeddable":true,"href":"https:\/\/newsqr.com.mx\/index.php?rest_route=%2Fwp%2Fv2%2Fcategories&post=27256"},{"taxonomy":"post_tag","embeddable":true,"href":"https:\/\/newsqr.com.mx\/index.php?rest_route=%2Fwp%2Fv2%2Ftags&post=27256"}],"curies":[{"name":"wp","href":"https:\/\/api.w.org\/{rel}","templated":true}]}}