{"id":27259,"date":"2024-12-07T18:49:52","date_gmt":"2024-12-07T23:49:52","guid":{"rendered":"https:\/\/newsqr.com.mx\/?p=27259"},"modified":"2024-12-07T23:49:54","modified_gmt":"2024-12-07T23:49:54","slug":"mls-analiza-cambiar-su-formato-para-adoptar-calendario-al-estilo-de-europa","status":"publish","type":"post","link":"https:\/\/newsqr.com.mx\/?p=27259","title":{"rendered":"MLS analiza cambiar su formato para adoptar calendario al estilo de Europa"},"content":{"rendered":"<p>\ud83d\udd38 El comisionado de la liga estar\u00eda pensando seriamente en darle un toque europeo a la Major League Soccer.<\/p>\n<p>#DEPORTES | El comisionado de la liga de f\u00fatbol norteamericano (MLS), Don Garber, dijo este viernes que se encuentran analizando m\u00e1s seriamente que nunca una posible revisi\u00f3n radical de su calendario para adaptarlo a la temporada tradicional en Europa.<\/p>\n<p>La MLS, que tiene como emblema a Lionel Messi (Inter Miami) desde 2023, consta de una fase regular que suele extenderse desde febrero hasta octubre, para dar paso a unos playoffs que desembocan en la final de diciembre.<\/p>\n<p>De esta forma, la competici\u00f3n en ocasiones se desarrolla simult\u00e1neamente a importantes torneos internacionales, como ocurri\u00f3 este a\u00f1o con la Copa Am\u00e9rica.<\/p>\n<p>De acuerdo a recientes reportes period\u00edsticos, la modificaci\u00f3n estudiada implicar\u00eda que la fase regular arranque en agosto y los playoffs en mayo.<\/p>\n<p>Este movimiento podr\u00eda brindarle tambi\u00e9n una mayor visibilidad a las eliminatorias de la MLS, que ahora compiten en atenci\u00f3n con las de las Grandes Ligas de b\u00e9isbol y el inicio de las temporadas del football americano (NFL) y b\u00e1squet (NBA).<\/p>\n<p>Garber se refiri\u00f3 a esta propuesta durante su tradicional conferencia de prensa previa a la final de la MLS, que disputar\u00e1n el s\u00e1bado Los Angeles Galaxy y New York Red Bulls.<\/p>\n<p>\u00abPuede que seamos ser la \u00fanica liga, o una de las dos \u00fanicas ligas del mundo, que funciona con nuestro calendario\u00bb, apunt\u00f3 Garber en su comparecencia en Carson, afueras de Los \u00c1ngeles (California).<\/p>\n<p>\u00abEstamos considerando m\u00e1s que nunca esta oportunidad de cambio\u00bb pero a la vez \u00abes complicado\u00bb, reconoci\u00f3. \u00abTrabajamos a trav\u00e9s de tres zonas horarias, m\u00faltiples factores clim\u00e1ticos&#8230;. Hacer esos cambios es algo que tenemos que reflexionar muy bien\u00bb.<\/p>\n<p>De acuerdo con fuentes consultadas por la AFP, las discusiones ya se extendieron a otros actores con intereses en la liga.<\/p>\n<p>Patrocinadores como Adidas y el due\u00f1o de los derechos de transmisi\u00f3n, Apple TV, han participado en las conversaciones, que incluyen una veintena de reuniones con las directivas de los equipos.<\/p>\n<p>Se espera que estas propuestas, junto con posibles ajustes en el dise\u00f1o de plantillas y l\u00edmites salariales, figuren en el programa de la reuni\u00f3n de propietarios del jueves.<\/p>\n<p>Garber s\u00ed confirm\u00f3 que su liga reducir\u00e1 actividades durante el nuevo Mundial de Clubes de la FIFA que se celebrar\u00e1 el a\u00f1o que viene en Estados Unidos y que se detendr\u00e1 por completo en la Copa del Mundo de selecciones de 2026 de Am\u00e9rica del Norte.<\/p>\n","protected":false},"excerpt":{"rendered":"<p>\ud83d\udd38 El comisionado de la liga estar\u00eda pensando seriamente en darle un toque europeo a&#8230;<\/p>\n","protected":false},"author":1,"featured_media":27261,"comment_status":"open","ping_status":"closed","sticky":false,"template":"","format":"standard","meta":{"footnotes":""},"categories":[5],"tags":[],"class_list":["post-27259","post","type-post","status-publish","format-standard","has-post-thumbnail","hentry","category-deportes"],"_links":{"self":[{"href":"https:\/\/newsqr.com.mx\/index.php?rest_route=\/wp\/v2\/posts\/27259","targetHints":{"allow":["GET"]}}],"collection":[{"href":"https:\/\/newsqr.com.mx\/index.php?rest_route=\/wp\/v2\/posts"}],"about":[{"href":"https:\/\/newsqr.com.mx\/index.php?rest_route=\/wp\/v2\/types\/post"}],"author":[{"embeddable":true,"href":"https:\/\/newsqr.com.mx\/index.php?rest_route=\/wp\/v2\/users\/1"}],"replies":[{"embeddable":true,"href":"https:\/\/newsqr.com.mx\/index.php?rest_route=%2Fwp%2Fv2%2Fcomments&post=27259"}],"version-history":[{"count":1,"href":"https:\/\/newsqr.com.mx\/index.php?rest_route=\/wp\/v2\/posts\/27259\/revisions"}],"predecessor-version":[{"id":27260,"href":"https:\/\/newsqr.com.mx\/index.php?rest_route=\/wp\/v2\/posts\/27259\/revisions\/27260"}],"wp:featuredmedia":[{"embeddable":true,"href":"https:\/\/newsqr.com.mx\/index.php?rest_route=\/wp\/v2\/media\/27261"}],"wp:attachment":[{"href":"https:\/\/newsqr.com.mx\/index.php?rest_route=%2Fwp%2Fv2%2Fmedia&parent=27259"}],"wp:term":[{"taxonomy":"category","embeddable":true,"href":"https:\/\/newsqr.com.mx\/index.php?rest_route=%2Fwp%2Fv2%2Fcategories&post=27259"},{"taxonomy":"post_tag","embeddable":true,"href":"https:\/\/newsqr.com.mx\/index.php?rest_route=%2Fwp%2Fv2%2Ftags&post=27259"}],"curies":[{"name":"wp","href":"https:\/\/api.w.org\/{rel}","templated":true}]}}