{"id":27308,"date":"2024-12-10T08:20:15","date_gmt":"2024-12-10T13:20:15","guid":{"rendered":"https:\/\/newsqr.com.mx\/?p=27308"},"modified":"2024-12-10T13:20:16","modified_gmt":"2024-12-10T13:20:16","slug":"medidas-de-trump-causaran-dano-mundial","status":"publish","type":"post","link":"https:\/\/newsqr.com.mx\/?p=27308","title":{"rendered":"Medidas de Trump causar\u00e1n da\u00f1o mundial"},"content":{"rendered":"<p>\ud83d\udd38 El estudio Trumponomics 2.0 revel\u00f3 que los aranceles, las deportaciones masivas y los recortes provocar\u00e1n ca\u00eddas en el crecimiento de la Uni\u00f3n Americana, lo que impactar\u00e1 a todo el planeta<\/p>\n<p>#SANDIEGO | La combinaci\u00f3n de aranceles, deportaciones masivas de trabajadores, reducciones fiscales y recortes al gasto p\u00fablico llevar\u00e1 a la econom\u00eda estadunidense a una recesi\u00f3n con impacto global, advirti\u00f3 el Instituto Nacional de Investigaciones Econ\u00f3micas y Sociales (NIESR).<\/p>\n<p>El investigador Paul Mortimer-Lee advirti\u00f3 en su estudio Trumponomics 2.0, bajo crecimiento y alta inflaci\u00f3n que todos los pa\u00edses resentir\u00e1n las decisiones del presidente electo Donald Trump.<\/p>\n<p>Los pa\u00edses perder\u00e1n por la mayor inflaci\u00f3n y la eventual pol\u00edtica m\u00e1s estricta necesaria para contenerla\u201d, expres\u00f3.<\/p>\n<p>El presidente electo amenaz\u00f3 con aumentar aranceles a los tres pa\u00edses que son sus principales socios comerciales, M\u00e9xico que ocupa el primer lugar por segundo a\u00f1o consecutivo, China en el segundo, y Canad\u00e1 en el tercero.<\/p>\n<p>Paul Mortimer-Lee agreg\u00f3 que esta situaci\u00f3n ya ha puesto nerviosos a los dem\u00e1s socios comerciales de la Uni\u00f3n Americana.<\/p>\n<p>Mientras que el crecimiento del producto interno bruto de Estados Unidos ser\u00e1 del 2.8% en el 2024.<\/p>\n<p>Sin embargo, luego las medidas del presidente podr\u00edan conducir a una inflaci\u00f3n de hasta 8% para el 2027.<\/p>\n<p>Esta previsi\u00f3n es un resultado completamente distinto al que el presidente electo prometi\u00f3 cuando culp\u00f3 al saliente presidente Joe Biden de perjudicar la econom\u00eda.<\/p>\n<p>Por su parte, las medidas antimigrantes tambi\u00e9n tendr\u00e1n un efecto.<\/p>\n<p>El domingo pasado, Trump present\u00f3 por primera vez su plan general contra la migraci\u00f3n que incluye deportar a todos los inmigrantes no autorizados, despojar de la ciudadan\u00eda estadunidense a sus hijos, propiciar que las familias con estatus migratorios mixtos, como consign\u00f3 ayer Exc\u00e9lsior.<\/p>\n<p>El plan podr\u00eda impactar principalmente a la comunidad mexicana indocumentada, la m\u00e1s numerosa, con poco m\u00e1s de cuatro millones de personas, o el 37 por ciento del total, de acuerdo con organizaciones especializadas.<\/p>\n<p>Las expulsiones masivas agravar\u00edan la situaci\u00f3n.<\/p>\n<p>Los trabajadores no autorizados representan 10% de la fuerza laboral estadunidense, diariamente aportan en impuestos 268 millones de d\u00f3lares que financian servicios sociales pero sin recibirlos.<\/p>\n<p>Seg\u00fan el estudio, y deportarlos costar\u00e1 inicialmente 241 millones de d\u00f3lares diarios.<\/p>\n<p>Algunos sectores, como el de la agricultura en California y el de la construcci\u00f3n en Texas, ya han pedido al presidente electo que se exente de la deportaci\u00f3n masiva a sus trabajadores, pues por escasez de mano de obra ir\u00edan a la ruina.<\/p>\n<p>Adem\u00e1s se espera un menor ingreso para cada arancel que incremente el nuevo gobierno.<\/p>\n<p>Las reducciones de impuestos que propone Donald Trump reducir\u00e1n los ingresos en mayor medida que el aumento de aranceles. Proyectamos una relaci\u00f3n deuda\/PIB de 134%, 12 puntos m\u00e1s alta que la \u00faltima l\u00ednea de base\u201d, reflexion\u00f3 Mortimer-Lee.<\/p>\n<p>Sin esos ingresos tributarios y con recortes presupuestales a los programas sociales y al aparato de gobierno aumentar\u00e1 en billones de d\u00f3lares la deuda p\u00fablica.<\/p>\n<p>El experto expres\u00f3 que las medidas le hacen sentirse \u201cextremadamente esc\u00e9ptico sobre la capacidad de la administraci\u00f3n para recortar el gasto en los dos billones de d\u00f3lares al a\u00f1o como prometi\u00f3 en elecciones\u201d.<\/p>\n<p>&nbsp;<\/p>\n","protected":false},"excerpt":{"rendered":"<p>\ud83d\udd38 El estudio Trumponomics 2.0 revel\u00f3 que los aranceles, las deportaciones masivas y los recortes&#8230;<\/p>\n","protected":false},"author":1,"featured_media":27310,"comment_status":"open","ping_status":"closed","sticky":false,"template":"","format":"standard","meta":{"footnotes":""},"categories":[6],"tags":[],"class_list":["post-27308","post","type-post","status-publish","format-standard","has-post-thumbnail","hentry","category-internacional"],"_links":{"self":[{"href":"https:\/\/newsqr.com.mx\/index.php?rest_route=\/wp\/v2\/posts\/27308","targetHints":{"allow":["GET"]}}],"collection":[{"href":"https:\/\/newsqr.com.mx\/index.php?rest_route=\/wp\/v2\/posts"}],"about":[{"href":"https:\/\/newsqr.com.mx\/index.php?rest_route=\/wp\/v2\/types\/post"}],"author":[{"embeddable":true,"href":"https:\/\/newsqr.com.mx\/index.php?rest_route=\/wp\/v2\/users\/1"}],"replies":[{"embeddable":true,"href":"https:\/\/newsqr.com.mx\/index.php?rest_route=%2Fwp%2Fv2%2Fcomments&post=27308"}],"version-history":[{"count":1,"href":"https:\/\/newsqr.com.mx\/index.php?rest_route=\/wp\/v2\/posts\/27308\/revisions"}],"predecessor-version":[{"id":27309,"href":"https:\/\/newsqr.com.mx\/index.php?rest_route=\/wp\/v2\/posts\/27308\/revisions\/27309"}],"wp:featuredmedia":[{"embeddable":true,"href":"https:\/\/newsqr.com.mx\/index.php?rest_route=\/wp\/v2\/media\/27310"}],"wp:attachment":[{"href":"https:\/\/newsqr.com.mx\/index.php?rest_route=%2Fwp%2Fv2%2Fmedia&parent=27308"}],"wp:term":[{"taxonomy":"category","embeddable":true,"href":"https:\/\/newsqr.com.mx\/index.php?rest_route=%2Fwp%2Fv2%2Fcategories&post=27308"},{"taxonomy":"post_tag","embeddable":true,"href":"https:\/\/newsqr.com.mx\/index.php?rest_route=%2Fwp%2Fv2%2Ftags&post=27308"}],"curies":[{"name":"wp","href":"https:\/\/api.w.org\/{rel}","templated":true}]}}