{"id":27314,"date":"2024-12-10T08:37:29","date_gmt":"2024-12-10T13:37:29","guid":{"rendered":"https:\/\/newsqr.com.mx\/?p=27314"},"modified":"2024-12-10T13:37:31","modified_gmt":"2024-12-10T13:37:31","slug":"angela-aguilar-rechazo-cantar-las-mananitas-a-la-virgen-tras-polemico-episodio-de-la-rosa-de-guadalupe","status":"publish","type":"post","link":"https:\/\/newsqr.com.mx\/?p=27314","title":{"rendered":"\u00c1ngela Aguilar rechaz\u00f3 cantar \u2018Las Ma\u00f1anitas\u2019 a la Virgen tras pol\u00e9mico episodio de \u2018La rosa de Guadalupe\u2019"},"content":{"rendered":"<p>\ud83d\udd38 La int\u00e9rprete de \u201cGotitas saladas\u201d se comunic\u00f3 con el productor de Televisa, Miguel \u00c1ngel Herros, para expresar su molestia por el programa en donde se hace alusi\u00f3n a su vida privada<\/p>\n<p>#ESPECT\u00c1CULOS | A pocos d\u00edas de los festejos por el D\u00eda de la Virgen de Guadalupe, millones de personas ya se alistan para esta conmemoraci\u00f3n que a\u00f1o con a\u00f1o re\u00fane a los files cat\u00f3licos, quienes, desde distintas partes del pa\u00eds, inician un peregrinar que culmina en la Bas\u00edlica, para formar parte de los festejos por el 12 de diciembre.<\/p>\n<p>A la celebraci\u00f3n se suman las televisoras m\u00e1s importantes del pa\u00eds, quienes organizan las tradicionales \u201cMa\u00f1anitas\u201d a la Guadalupana y en las que participan cantantes como Lucero, Pedro Fern\u00e1ndez, Ana B\u00e1rbara, Carlos Rivera o Itat\u00ed Cantoral.<\/p>\n<p>En medio de esta festividad hace unas semanas se revel\u00f3 que \u00c1ngela Aguilar ser\u00eda una de las invitadas a este evento, sin embargo, poco despu\u00e9s se supo que la cantante no participar\u00eda, pues en medio de los esc\u00e1ndalos en los que se ha visto envuelta desde su boda con Christian Nodal, lo que menos necesita la famosa son m\u00e1s dimes y diretes en su vida.<\/p>\n<p>Sin embargo, ahora sali\u00f3 a la luz que la verdadera raz\u00f3n por la que la hija de Pepe Aguilar habr\u00eda declinado la invitaci\u00f3n a las Ma\u00f1anitas, y es que la cantante estar\u00eda muy molesta por el cap\u00edtulo \u201cFan de su relaci\u00f3n\u201d de \u201cLa rosa de Guadalupe\u201d inspirado en el tri\u00e1ngulo amoroso entre ella, Nodal y Cazzu.<\/p>\n<p>De acuerdo con el programa de YouTube Dulce y Picosito de la periodista Flor Rubio, la int\u00e9rprete de \u201cGotitas saladas\u201d se comunic\u00f3 con el productor de Televisa Miguel \u00c1ngel Herros, para expresar su molestia, por el programa en donde se hace alusi\u00f3n a su vida privada.<\/p>\n<p>Hasta el momento ni la famosa ni su pap\u00e1 se han pronunciado respecto a la ausencia de la cantante en el evento en la Bas\u00edlica de Guadalupe que por cierto ya habr\u00eda sido grabado con antelaci\u00f3n.<\/p>\n<p>Hace unos a\u00f1os la cantante lanz\u00f3 una versi\u00f3n muy especial de Las Ma\u00f1anitas en honor a la Virgen de Guadalupe, sin embargo, aunque su participaci\u00f3n este a\u00f1o no se confirm\u00f3, miles de internautas manifestaron su descontento por su posible aparici\u00f3n, lo que se sum\u00f3 a las cr\u00edticas contra la famosa tras ser condecorada como \u201cMujer del A\u00f1o\u201d por la revista Glamour y conducir los Kids Choice Awards, donde fue abucheada.<\/p>\n","protected":false},"excerpt":{"rendered":"<p>\ud83d\udd38 La int\u00e9rprete de \u201cGotitas saladas\u201d se comunic\u00f3 con el productor de Televisa, Miguel \u00c1ngel&#8230;<\/p>\n","protected":false},"author":1,"featured_media":27316,"comment_status":"open","ping_status":"closed","sticky":false,"template":"","format":"standard","meta":{"footnotes":""},"categories":[3],"tags":[],"class_list":["post-27314","post","type-post","status-publish","format-standard","has-post-thumbnail","hentry","category-espectaculos"],"_links":{"self":[{"href":"https:\/\/newsqr.com.mx\/index.php?rest_route=\/wp\/v2\/posts\/27314","targetHints":{"allow":["GET"]}}],"collection":[{"href":"https:\/\/newsqr.com.mx\/index.php?rest_route=\/wp\/v2\/posts"}],"about":[{"href":"https:\/\/newsqr.com.mx\/index.php?rest_route=\/wp\/v2\/types\/post"}],"author":[{"embeddable":true,"href":"https:\/\/newsqr.com.mx\/index.php?rest_route=\/wp\/v2\/users\/1"}],"replies":[{"embeddable":true,"href":"https:\/\/newsqr.com.mx\/index.php?rest_route=%2Fwp%2Fv2%2Fcomments&post=27314"}],"version-history":[{"count":1,"href":"https:\/\/newsqr.com.mx\/index.php?rest_route=\/wp\/v2\/posts\/27314\/revisions"}],"predecessor-version":[{"id":27315,"href":"https:\/\/newsqr.com.mx\/index.php?rest_route=\/wp\/v2\/posts\/27314\/revisions\/27315"}],"wp:featuredmedia":[{"embeddable":true,"href":"https:\/\/newsqr.com.mx\/index.php?rest_route=\/wp\/v2\/media\/27316"}],"wp:attachment":[{"href":"https:\/\/newsqr.com.mx\/index.php?rest_route=%2Fwp%2Fv2%2Fmedia&parent=27314"}],"wp:term":[{"taxonomy":"category","embeddable":true,"href":"https:\/\/newsqr.com.mx\/index.php?rest_route=%2Fwp%2Fv2%2Fcategories&post=27314"},{"taxonomy":"post_tag","embeddable":true,"href":"https:\/\/newsqr.com.mx\/index.php?rest_route=%2Fwp%2Fv2%2Ftags&post=27314"}],"curies":[{"name":"wp","href":"https:\/\/api.w.org\/{rel}","templated":true}]}}