{"id":27398,"date":"2024-12-16T11:52:30","date_gmt":"2024-12-16T16:52:30","guid":{"rendered":"https:\/\/newsqr.com.mx\/?p=27398"},"modified":"2024-12-16T16:52:31","modified_gmt":"2024-12-16T16:52:31","slug":"ricardo-monreal-destaca-productividad-del-primer-periodo-de-sesiones-y-anticipa-posible-periodo-extraordinario","status":"publish","type":"post","link":"https:\/\/newsqr.com.mx\/?p=27398","title":{"rendered":"Ricardo Monreal destaca productividad del primer periodo de sesiones y anticipa posible periodo extraordinario"},"content":{"rendered":"<p>\ud83d\udd38 El Presidente de la Junta de Coordinaci\u00f3n Pol\u00edtica asegur\u00f3 que a\u00fan hay temas pendientes<\/p>\n<p>#CDMX | En el marco de la conclusi\u00f3n del primer periodo ordinario de sesiones del Congreso de la Uni\u00f3n, Ricardo Monreal \u00c1vila, Presidente de la Junta de Coordinaci\u00f3n Pol\u00edtica de la C\u00e1mara de Diputados y coordinador de la fracci\u00f3n parlamentaria de Morena, calific\u00f3 como \u00abintenso y productivo\u00bb este primer ciclo legislativo, al destacar las reformas constitucionales y legales aprobadas durante este tiempo.<\/p>\n<p>Monreal enfatiz\u00f3 que el periodo result\u00f3 crucial para avanzar en iniciativas de gran trascendencia, las cuales, seg\u00fan su visi\u00f3n, ser\u00e1n fundamentales para la transformaci\u00f3n del pa\u00eds. A pesar de la conclusi\u00f3n de este periodo ordinario, el legislador advirti\u00f3 que, debido a los pendientes que a\u00fan quedan en la agenda, podr\u00eda convocarse a un periodo extraordinario antes de que termine el a\u00f1o.<\/p>\n<p>\u00abEs probable que convoquemos a un periodo extraordinario para atender los asuntos pendientes, especialmente aquellos en los que la C\u00e1mara de Diputados debe actuar como c\u00e1mara revisora\u00bb, indic\u00f3 Monreal, subrayando que el trabajo legislativo no se detendr\u00e1 y que la prioridad ser\u00e1 continuar con el an\u00e1lisis y dictamen de iniciativas relevantes para el desarrollo de M\u00e9xico.<\/p>\n<p>Con la mirada puesta en la \u00faltima parte del a\u00f1o, el l\u00edder morenista reafirm\u00f3 el compromiso de la bancada de Morena con la agenda legislativa y la estabilidad pol\u00edtica, asegurando que la C\u00e1mara de Diputados seguir\u00e1 trabajando con responsabilidad y celeridad en los temas que a\u00fan requieren atenci\u00f3n.<\/p>\n","protected":false},"excerpt":{"rendered":"<p>\ud83d\udd38 El Presidente de la Junta de Coordinaci\u00f3n Pol\u00edtica asegur\u00f3 que a\u00fan hay temas pendientes&#8230;<\/p>\n","protected":false},"author":1,"featured_media":27400,"comment_status":"open","ping_status":"closed","sticky":false,"template":"","format":"standard","meta":{"footnotes":""},"categories":[25],"tags":[],"class_list":["post-27398","post","type-post","status-publish","format-standard","has-post-thumbnail","hentry","category-cdmx"],"_links":{"self":[{"href":"https:\/\/newsqr.com.mx\/index.php?rest_route=\/wp\/v2\/posts\/27398","targetHints":{"allow":["GET"]}}],"collection":[{"href":"https:\/\/newsqr.com.mx\/index.php?rest_route=\/wp\/v2\/posts"}],"about":[{"href":"https:\/\/newsqr.com.mx\/index.php?rest_route=\/wp\/v2\/types\/post"}],"author":[{"embeddable":true,"href":"https:\/\/newsqr.com.mx\/index.php?rest_route=\/wp\/v2\/users\/1"}],"replies":[{"embeddable":true,"href":"https:\/\/newsqr.com.mx\/index.php?rest_route=%2Fwp%2Fv2%2Fcomments&post=27398"}],"version-history":[{"count":1,"href":"https:\/\/newsqr.com.mx\/index.php?rest_route=\/wp\/v2\/posts\/27398\/revisions"}],"predecessor-version":[{"id":27399,"href":"https:\/\/newsqr.com.mx\/index.php?rest_route=\/wp\/v2\/posts\/27398\/revisions\/27399"}],"wp:featuredmedia":[{"embeddable":true,"href":"https:\/\/newsqr.com.mx\/index.php?rest_route=\/wp\/v2\/media\/27400"}],"wp:attachment":[{"href":"https:\/\/newsqr.com.mx\/index.php?rest_route=%2Fwp%2Fv2%2Fmedia&parent=27398"}],"wp:term":[{"taxonomy":"category","embeddable":true,"href":"https:\/\/newsqr.com.mx\/index.php?rest_route=%2Fwp%2Fv2%2Fcategories&post=27398"},{"taxonomy":"post_tag","embeddable":true,"href":"https:\/\/newsqr.com.mx\/index.php?rest_route=%2Fwp%2Fv2%2Ftags&post=27398"}],"curies":[{"name":"wp","href":"https:\/\/api.w.org\/{rel}","templated":true}]}}