{"id":27571,"date":"2024-12-24T11:07:07","date_gmt":"2024-12-24T16:07:07","guid":{"rendered":"https:\/\/newsqr.com.mx\/?p=27571"},"modified":"2024-12-24T16:07:09","modified_gmt":"2024-12-24T16:07:09","slug":"bill-clinton-expresidente-de-estados-unidos-fue-hospitalizado-en-washington","status":"publish","type":"post","link":"https:\/\/newsqr.com.mx\/?p=27571","title":{"rendered":"Bill Clinton, expresidente de Estados Unidos, fue hospitalizado en Washington"},"content":{"rendered":"<p>\ud83d\udd38 El exmandatario estadounidense est\u00e1 siendo observado en un centro m\u00e9dico de la capital debido a fiebre, seg\u00fan su equipo de prensa<\/p>\n<p>#ESTADOSUNIDOS | El expresidente de EE. UU. Bill Clinton, de 78 a\u00f1os, fue hospitalizado en el Centro M\u00e9dico de la Universidad de Georgetown por fiebre. Su jefe de prensa, Angel Ure\u00f1a, inform\u00f3 que est\u00e1 en observaci\u00f3n y se le est\u00e1n realizando pruebas, aunque no se trata de una emergencia.<\/p>\n<p>\u00abEl expresidente sigue de buen \u00e1nimo y agradece profundamente la excelente atenci\u00f3n que est\u00e1 recibiendo\u00bb, inform\u00f3 su jefe de prensa.<br \/>\nClinton, de 78 a\u00f1os, se encontraba en su residencia en Washington cuando fue llevado al hospital.<\/p>\n<p>En el a\u00f1o 2004, el expresidente se someti\u00f3 a una cirug\u00eda de cu\u00e1druple bypass card\u00edaco, y en 2010 fue intervenido quir\u00fargicamente nuevamente debido a complicaciones relacionadas con sus problemas cardiovasculares.<\/p>\n<p>En 2021, el exmandatario dem\u00f3crata fue hospitalizado en California a causa de una infecci\u00f3n que se propag\u00f3 a su torrente sangu\u00edneo.<\/p>\n<p>Bill Clinton es un pol\u00edtico estadounidense que se desempe\u00f1\u00f3 como el 42\u00ba presidente de los Estados Unidos desde 1993 hasta 2001. Nacido el 19 de agosto de 1946 en Hope, Arkansas, Clinton es miembro del Partido Dem\u00f3crata. Antes de asumir la presidencia, ocup\u00f3 el cargo de gobernador de Arkansas, donde destac\u00f3 por sus pol\u00edticas en los \u00e1mbitos econ\u00f3mico y social. Su mandato se caracteriz\u00f3 por un per\u00edodo de crecimiento econ\u00f3mico y la implementaci\u00f3n de reformas en \u00e1reas como la salud y la educaci\u00f3n. No obstante, tambi\u00e9n enfrent\u00f3 controversias, incluyendo un esc\u00e1ndalo sexual que result\u00f3 en su juicio pol\u00edtico, del cual fue absuelto. Desde que dej\u00f3 la presidencia, ha estado involucrado en actividades filantr\u00f3picas y ha mantenido una activa presencia en la pol\u00edtica y la sociedad.<\/p>\n","protected":false},"excerpt":{"rendered":"<p>\ud83d\udd38 El exmandatario estadounidense est\u00e1 siendo observado en un centro m\u00e9dico de la capital debido&#8230;<\/p>\n","protected":false},"author":1,"featured_media":27573,"comment_status":"open","ping_status":"closed","sticky":false,"template":"","format":"standard","meta":{"footnotes":""},"categories":[6],"tags":[],"class_list":["post-27571","post","type-post","status-publish","format-standard","has-post-thumbnail","hentry","category-internacional"],"_links":{"self":[{"href":"https:\/\/newsqr.com.mx\/index.php?rest_route=\/wp\/v2\/posts\/27571","targetHints":{"allow":["GET"]}}],"collection":[{"href":"https:\/\/newsqr.com.mx\/index.php?rest_route=\/wp\/v2\/posts"}],"about":[{"href":"https:\/\/newsqr.com.mx\/index.php?rest_route=\/wp\/v2\/types\/post"}],"author":[{"embeddable":true,"href":"https:\/\/newsqr.com.mx\/index.php?rest_route=\/wp\/v2\/users\/1"}],"replies":[{"embeddable":true,"href":"https:\/\/newsqr.com.mx\/index.php?rest_route=%2Fwp%2Fv2%2Fcomments&post=27571"}],"version-history":[{"count":1,"href":"https:\/\/newsqr.com.mx\/index.php?rest_route=\/wp\/v2\/posts\/27571\/revisions"}],"predecessor-version":[{"id":27572,"href":"https:\/\/newsqr.com.mx\/index.php?rest_route=\/wp\/v2\/posts\/27571\/revisions\/27572"}],"wp:featuredmedia":[{"embeddable":true,"href":"https:\/\/newsqr.com.mx\/index.php?rest_route=\/wp\/v2\/media\/27573"}],"wp:attachment":[{"href":"https:\/\/newsqr.com.mx\/index.php?rest_route=%2Fwp%2Fv2%2Fmedia&parent=27571"}],"wp:term":[{"taxonomy":"category","embeddable":true,"href":"https:\/\/newsqr.com.mx\/index.php?rest_route=%2Fwp%2Fv2%2Fcategories&post=27571"},{"taxonomy":"post_tag","embeddable":true,"href":"https:\/\/newsqr.com.mx\/index.php?rest_route=%2Fwp%2Fv2%2Ftags&post=27571"}],"curies":[{"name":"wp","href":"https:\/\/api.w.org\/{rel}","templated":true}]}}