{"id":27597,"date":"2024-12-26T11:33:28","date_gmt":"2024-12-26T16:33:28","guid":{"rendered":"https:\/\/newsqr.com.mx\/?p=27597"},"modified":"2024-12-26T16:33:29","modified_gmt":"2024-12-26T16:33:29","slug":"ricardo-monreal-celebra-la-declaracion-de-2025-como-ano-de-la-mujer-indigena","status":"publish","type":"post","link":"https:\/\/newsqr.com.mx\/?p=27597","title":{"rendered":"Ricardo Monreal celebra la declaraci\u00f3n de 2025 como A\u00f1o de la Mujer Ind\u00edgena"},"content":{"rendered":"<p>\ud83d\udd38 El presidente de la Junta de Gobierno de la C\u00e1mara de Diputados destac\u00f3 la importancia de reconocer la lucha hist\u00f3rica y el liderazgo de las mujeres ind\u00edgenas en M\u00e9xico<\/p>\n<p>#CDMX | El presidente de la Junta de Gobierno y Coordinaci\u00f3n Pol\u00edtica de la C\u00e1mara de Diputados, Ricardo Monreal, aplaudi\u00f3 la decisi\u00f3n de la presidenta de la Rep\u00fablica, Claudia Sheinbaum, de declarar el 2025 como el A\u00f1o de la Mujer Ind\u00edgena.<\/p>\n<p>Seg\u00fan Monreal, esta iniciativa es un acto simb\u00f3lico, necesario y trascendental, que reconoce la lucha hist\u00f3rica de las mujeres ind\u00edgenas en M\u00e9xico.<\/p>\n<p>En su intervenci\u00f3n, Monreal destac\u00f3 que la medida subraya el compromiso del Gobierno de M\u00e9xico con los pueblos originarios y con el fortalecimiento de la igualdad de g\u00e9nero, resaltando el papel fundamental que estas mujeres han jugado en la preservaci\u00f3n de las tradiciones, la cultura y los derechos de las comunidades ind\u00edgenas.<\/p>\n<p>\u00abEs un reconocimiento a su resiliencia, a su capacidad de liderazgo y a la importancia que tienen en la construcci\u00f3n de un pa\u00eds m\u00e1s justo e igualitario\u00bb, expres\u00f3 Monreal, quien tambi\u00e9n es coordinador de la fracci\u00f3n parlamentaria de Morena en la C\u00e1mara de Diputados.<\/p>\n<p>El l\u00edder parlamentario record\u00f3 que, a lo largo de la historia, las mujeres ind\u00edgenas han enfrentado m\u00faltiples desaf\u00edos, desde la marginaci\u00f3n hasta la violencia de g\u00e9nero, y que iniciativas como esta permiten visibilizar sus aportaciones y necesidades, promoviendo un futuro m\u00e1s inclusivo.<\/p>\n<p>Este anuncio, que coincide con la agenda de inclusi\u00f3n y derechos humanos del actual gobierno, ser\u00e1 parte de las acciones que se llevar\u00e1n a cabo durante el pr\u00f3ximo sexenio, y busca generar conciencia sobre la importancia de impulsar pol\u00edticas p\u00fablicas que favorezcan a las mujeres ind\u00edgenas y promuevan su participaci\u00f3n activa en la vida pol\u00edtica, econ\u00f3mica y social del pa\u00eds.<\/p>\n","protected":false},"excerpt":{"rendered":"<p>\ud83d\udd38 El presidente de la Junta de Gobierno de la C\u00e1mara de Diputados destac\u00f3 la&#8230;<\/p>\n","protected":false},"author":1,"featured_media":27599,"comment_status":"open","ping_status":"closed","sticky":false,"template":"","format":"standard","meta":{"footnotes":""},"categories":[25],"tags":[],"class_list":["post-27597","post","type-post","status-publish","format-standard","has-post-thumbnail","hentry","category-cdmx"],"_links":{"self":[{"href":"https:\/\/newsqr.com.mx\/index.php?rest_route=\/wp\/v2\/posts\/27597","targetHints":{"allow":["GET"]}}],"collection":[{"href":"https:\/\/newsqr.com.mx\/index.php?rest_route=\/wp\/v2\/posts"}],"about":[{"href":"https:\/\/newsqr.com.mx\/index.php?rest_route=\/wp\/v2\/types\/post"}],"author":[{"embeddable":true,"href":"https:\/\/newsqr.com.mx\/index.php?rest_route=\/wp\/v2\/users\/1"}],"replies":[{"embeddable":true,"href":"https:\/\/newsqr.com.mx\/index.php?rest_route=%2Fwp%2Fv2%2Fcomments&post=27597"}],"version-history":[{"count":1,"href":"https:\/\/newsqr.com.mx\/index.php?rest_route=\/wp\/v2\/posts\/27597\/revisions"}],"predecessor-version":[{"id":27598,"href":"https:\/\/newsqr.com.mx\/index.php?rest_route=\/wp\/v2\/posts\/27597\/revisions\/27598"}],"wp:featuredmedia":[{"embeddable":true,"href":"https:\/\/newsqr.com.mx\/index.php?rest_route=\/wp\/v2\/media\/27599"}],"wp:attachment":[{"href":"https:\/\/newsqr.com.mx\/index.php?rest_route=%2Fwp%2Fv2%2Fmedia&parent=27597"}],"wp:term":[{"taxonomy":"category","embeddable":true,"href":"https:\/\/newsqr.com.mx\/index.php?rest_route=%2Fwp%2Fv2%2Fcategories&post=27597"},{"taxonomy":"post_tag","embeddable":true,"href":"https:\/\/newsqr.com.mx\/index.php?rest_route=%2Fwp%2Fv2%2Ftags&post=27597"}],"curies":[{"name":"wp","href":"https:\/\/api.w.org\/{rel}","templated":true}]}}