{"id":27611,"date":"2024-12-27T08:00:32","date_gmt":"2024-12-27T13:00:32","guid":{"rendered":"https:\/\/newsqr.com.mx\/?p=27611"},"modified":"2024-12-28T03:31:03","modified_gmt":"2024-12-28T03:31:03","slug":"morena-presentara-iniciativa-contra-uso-de-maiz-transgenico-en-enero-adelanta-ricardo-monreal","status":"publish","type":"post","link":"https:\/\/newsqr.com.mx\/?p=27611","title":{"rendered":"Morena presentar\u00e1 iniciativa contra uso de ma\u00edz transg\u00e9nico en enero, adelanta Ricardo Monreal"},"content":{"rendered":"<p>\ud83d\udd38 El l\u00edder parlamentario del partido guinda afirm\u00f3 que \u00abdebemos proteger nuestras semillas y sentir orgullo por ellas\u00bb.<\/p>\n<p>#NACIONAL | Morena presentar\u00e1 una iniciativa contra el uso de ma\u00edz transg\u00e9nico para consumo humano en M\u00e9xico, adelant\u00f3 el l\u00edder parlamentario de Morena, Ricardo Monreal.<\/p>\n<p>A trav\u00e9s de sus redes sociales, afirm\u00f3 que el ma\u00edz alimenta al mundo y, por ello, \u00abdebemos proteger nuestras semillas y sentir orgullo por ellas\u00bb.<\/p>\n<p>\u00abSin ma\u00edz no hay pa\u00eds. En enero presentaremos una iniciativa para prohibir el uso de ma\u00edz transg\u00e9nico para consumo humano. El ma\u00edz naci\u00f3 en M\u00e9xico y alimenta al mundo; debemos proteger nuestras semillas y sentir orgullo por ellas. Nuestro campo es soluci\u00f3n, historia y futuro\u00bb, escribi\u00f3 Monreal.<\/p>\n<p>Dicha propuesta se suma a las declaraciones de la presidenta Claudia Sheinbaum, quien afirm\u00f3 que presentar\u00e1n\u00a0una iniciativa para que en febrero de 2025 \u201csea constitucional que no se permita la siembra de ma\u00edz transg\u00e9nico en nuestro pa\u00eds\u201d.<\/p>\n<p>\u201cEl ma\u00edz transg\u00e9nico es un ma\u00edz que su semilla se modifica en el laboratorio con sus genes, eso hace que ese ma\u00edz provenga principalmente de las empresas trasnacionales y no pueda ser productivo ese pa\u00eds y que siempre se tenga que adquirir esa semilla, adem\u00e1s ese tipo de semilla contamina otros cultivos.<\/p>\n<p>\u201c\u00bfQu\u00e9 hacen? Qu\u00e9 ya no sea productivo el ma\u00edz y lo m\u00e1s importante es que si nosotros asent\u00e1ramos que se sembrara ma\u00edz transg\u00e9nico en M\u00e9xico, perder\u00edamos la biodiversidad\u201d.<\/p>\n<p>\u201cEstamos seguros que nos van a apoyar senadores, diputados; para que en febrero del pr\u00f3ximo a\u00f1o sea constitucional que no se permita la siembra de ma\u00edz transg\u00e9nico en nuestro pa\u00eds. Estamos obligados como mexicanos como mexicanas a proteger nuestra biodiversidad, cultura, ese s\u00edmbolo y proteger la alimentaci\u00f3n\u201d, se\u00f1al\u00f3.<\/p>\n<p>El ma\u00edz transg\u00e9nico es aquel al que se le incorpor\u00f3 un gen para resistir la aplicaci\u00f3n de glifosato\u00a0y\/o para tolerancia a plagas, es decir, no se afecta con la aplicaci\u00f3n del herbicida.<\/p>\n<p>Este tipo de ma\u00edz, tolerante a plagas, genera toxinas, cristales que se mantienen a\u00fan en el grano que se consume, lo cual expone a graves riesgos la salud humana y la preservaci\u00f3n del ambiente.<\/p>\n<p>El glifosato se aplica en la agricultura para la eliminaci\u00f3n total de las plantas conocidas como \u201cmalezas\u201d, incluyendo a quelites y verdolagas.<\/p>\n<p>Sin embargo, el gobierno federal indic\u00f3 que la exposici\u00f3n humana al glifosato est\u00e1 asociada con graves riesgos a la salud,\u00a0ya que contamina el aire, suelo y agua.<\/p>\n<p>Igualmente, argument\u00f3 que en 2015 la Organizaci\u00f3n Mundial de la Salud clasific\u00f3 a este herbicida como probable cancer\u00edgeno para humanos.<\/p>\n","protected":false},"excerpt":{"rendered":"<p>\ud83d\udd38 El l\u00edder parlamentario del partido guinda afirm\u00f3 que \u00abdebemos proteger nuestras semillas y sentir&#8230;<\/p>\n","protected":false},"author":1,"featured_media":27613,"comment_status":"open","ping_status":"closed","sticky":false,"template":"","format":"standard","meta":{"footnotes":""},"categories":[2],"tags":[],"class_list":["post-27611","post","type-post","status-publish","format-standard","has-post-thumbnail","hentry","category-nacional"],"_links":{"self":[{"href":"https:\/\/newsqr.com.mx\/index.php?rest_route=\/wp\/v2\/posts\/27611","targetHints":{"allow":["GET"]}}],"collection":[{"href":"https:\/\/newsqr.com.mx\/index.php?rest_route=\/wp\/v2\/posts"}],"about":[{"href":"https:\/\/newsqr.com.mx\/index.php?rest_route=\/wp\/v2\/types\/post"}],"author":[{"embeddable":true,"href":"https:\/\/newsqr.com.mx\/index.php?rest_route=\/wp\/v2\/users\/1"}],"replies":[{"embeddable":true,"href":"https:\/\/newsqr.com.mx\/index.php?rest_route=%2Fwp%2Fv2%2Fcomments&post=27611"}],"version-history":[{"count":1,"href":"https:\/\/newsqr.com.mx\/index.php?rest_route=\/wp\/v2\/posts\/27611\/revisions"}],"predecessor-version":[{"id":27612,"href":"https:\/\/newsqr.com.mx\/index.php?rest_route=\/wp\/v2\/posts\/27611\/revisions\/27612"}],"wp:featuredmedia":[{"embeddable":true,"href":"https:\/\/newsqr.com.mx\/index.php?rest_route=\/wp\/v2\/media\/27613"}],"wp:attachment":[{"href":"https:\/\/newsqr.com.mx\/index.php?rest_route=%2Fwp%2Fv2%2Fmedia&parent=27611"}],"wp:term":[{"taxonomy":"category","embeddable":true,"href":"https:\/\/newsqr.com.mx\/index.php?rest_route=%2Fwp%2Fv2%2Fcategories&post=27611"},{"taxonomy":"post_tag","embeddable":true,"href":"https:\/\/newsqr.com.mx\/index.php?rest_route=%2Fwp%2Fv2%2Ftags&post=27611"}],"curies":[{"name":"wp","href":"https:\/\/api.w.org\/{rel}","templated":true}]}}