{"id":27685,"date":"2024-12-31T13:03:15","date_gmt":"2024-12-31T18:03:15","guid":{"rendered":"https:\/\/newsqr.com.mx\/?p=27685"},"modified":"2024-12-31T18:03:16","modified_gmt":"2024-12-31T18:03:16","slug":"estados-unidos-liberara-a-edgar-veytia-exfiscal-de-nayarit-sentenciado-por-narcotrafico","status":"publish","type":"post","link":"https:\/\/newsqr.com.mx\/?p=27685","title":{"rendered":"Estados Unidos liberar\u00e1 a \u00c9dgar Veytia, exfiscal de Nayarit, sentenciado por narcotr\u00e1fico"},"content":{"rendered":"<p>\ud83d\udd38 El ex funcionario estatal particip\u00f3 como informante en el juicio que sentenci\u00f3 como culpable al ex secretario de Seguridad P\u00fablica, Genaro Garc\u00eda Luna.<\/p>\n<p>#INTERNACIONAL | El ex fiscal de Nayarit, Edgar Veytia, quien se encuentra preso en una c\u00e1rcel de Kentucky, Estados Unidos, ser\u00e1 liberado el pr\u00f3ximo 03 de octubre de 2025 tras participar como informante en el juicio contra el ex secretario de Seguridad P\u00fablica, Genaro Garc\u00eda Luna.<\/p>\n<p>De acuerdo con informaci\u00f3n de la Oficina Federal de Prisiones (BOP, por su sigla en ingl\u00e9s) el ex funcionario estatal obtuvo en abril pasado una reducci\u00f3n de su condena tras haber sido sentenciado en 2019 a pasar 20 a\u00f1os en prisi\u00f3n y otros cinco m\u00e1s en vigilancia.<\/p>\n<p>En primera instancia la reducci\u00f3n de su castigo preve\u00eda que el ex fiscal de Nayarit saliera libre hasta mediados de 2027; sin embargo, los \u00faltimos informes del gobierno estadunidense revelan que saldr\u00e1 de la c\u00e1rcel de baja seguridad en la que se encuentra preso desde hace siete a\u00f1os.<\/p>\n<p>Su testimonio en el juicio del ex secretario de Seguridad P\u00fablica durante el gobierno de Felipe Calder\u00f3n, ayud\u00f3 a sentenciar a Genaro Garc\u00eda Luna a 38 a\u00f1os de c\u00e1rcel por delitos relacionados con el tr\u00e1fico de droga y asociaci\u00f3n delictiva con grupos del narcotr\u00e1fico.<\/p>\n<p>\u00c9dgar Veytia, quien tambi\u00e9n es apodado El Diablo, fue detenido por el FBI el 27 de marzo de 2017 en la garita de San Diego, por tener nexos con una red de tr\u00e1fico de drogas que enviaba mariguana, coca\u00edna y metanfetaminas a diferentes ciudades de los Estados Unidos.<\/p>\n<p>Seg\u00fan documentos de la investigaci\u00f3n difundidos en ese momento, la Corte de Distrito Este de Nueva York levant\u00f3 tres cargos relacionados con la fabricaci\u00f3n, y distribuci\u00f3n de drogas en territorio estadunidense, por lo que la orden de detenci\u00f3n fue librada desde el 2 de marzo de 2017 y 25 d\u00edas despu\u00e9s fue anunciada su captura en San Diego, California.<\/p>\n<p>De acuerdo con las investigaciones de ese momento, se comprob\u00f3 que desde 2013 El Diablo particip\u00f3 con un grupo delincuencial en la introducci\u00f3n de al menos un kilogramo de hero\u00edna, al menos 5 kilogramos de coca\u00edna y 500 unidades de metanfetamina.<\/p>\n<p>Durante su gesti\u00f3n como fiscal de Nayarit, Veytia logr\u00f3 reducir los \u00edndices delictivos; sin embargo, tras su detenci\u00f3n, este estado sufri\u00f3 su periodo m\u00e1s violento en la historia al sumar m\u00e1s de 200 asesinatos en 2017 y la ola de violencia comenz\u00f3 a caer hasta finales de 2018.<\/p>\n","protected":false},"excerpt":{"rendered":"<p>\ud83d\udd38 El ex funcionario estatal particip\u00f3 como informante en el juicio que sentenci\u00f3 como culpable&#8230;<\/p>\n","protected":false},"author":1,"featured_media":27687,"comment_status":"open","ping_status":"closed","sticky":false,"template":"","format":"standard","meta":{"footnotes":""},"categories":[6],"tags":[],"class_list":["post-27685","post","type-post","status-publish","format-standard","has-post-thumbnail","hentry","category-internacional"],"_links":{"self":[{"href":"https:\/\/newsqr.com.mx\/index.php?rest_route=\/wp\/v2\/posts\/27685","targetHints":{"allow":["GET"]}}],"collection":[{"href":"https:\/\/newsqr.com.mx\/index.php?rest_route=\/wp\/v2\/posts"}],"about":[{"href":"https:\/\/newsqr.com.mx\/index.php?rest_route=\/wp\/v2\/types\/post"}],"author":[{"embeddable":true,"href":"https:\/\/newsqr.com.mx\/index.php?rest_route=\/wp\/v2\/users\/1"}],"replies":[{"embeddable":true,"href":"https:\/\/newsqr.com.mx\/index.php?rest_route=%2Fwp%2Fv2%2Fcomments&post=27685"}],"version-history":[{"count":1,"href":"https:\/\/newsqr.com.mx\/index.php?rest_route=\/wp\/v2\/posts\/27685\/revisions"}],"predecessor-version":[{"id":27686,"href":"https:\/\/newsqr.com.mx\/index.php?rest_route=\/wp\/v2\/posts\/27685\/revisions\/27686"}],"wp:featuredmedia":[{"embeddable":true,"href":"https:\/\/newsqr.com.mx\/index.php?rest_route=\/wp\/v2\/media\/27687"}],"wp:attachment":[{"href":"https:\/\/newsqr.com.mx\/index.php?rest_route=%2Fwp%2Fv2%2Fmedia&parent=27685"}],"wp:term":[{"taxonomy":"category","embeddable":true,"href":"https:\/\/newsqr.com.mx\/index.php?rest_route=%2Fwp%2Fv2%2Fcategories&post=27685"},{"taxonomy":"post_tag","embeddable":true,"href":"https:\/\/newsqr.com.mx\/index.php?rest_route=%2Fwp%2Fv2%2Ftags&post=27685"}],"curies":[{"name":"wp","href":"https:\/\/api.w.org\/{rel}","templated":true}]}}