{"id":27691,"date":"2024-12-31T13:07:53","date_gmt":"2024-12-31T18:07:53","guid":{"rendered":"https:\/\/newsqr.com.mx\/?p=27691"},"modified":"2024-12-31T18:07:54","modified_gmt":"2024-12-31T18:07:54","slug":"camara-de-diputados-debe-asumir-papel-proactivo-en-la-defensa-del-maiz-nativo-diputado-ricardo-monreal","status":"publish","type":"post","link":"https:\/\/newsqr.com.mx\/?p=27691","title":{"rendered":"C\u00e1mara de Diputados debe asumir papel proactivo en la defensa del ma\u00edz nativo: diputado Ricardo Monreal"},"content":{"rendered":"<p>\ud83d\udd38 Indic\u00f3 que el ma\u00edz es un elemento fundamental de la identidad nacional, los arraiga a una historia milenaria y es v\u00ednculo con las tradiciones culturales y la riqueza culinaria.<\/p>\n<p>#NACIONAL | La C\u00e1mara de Diputados debe asumir un papel proactivo en la defensa del ma\u00edz nativo y la promoci\u00f3n de una agricultura sustentable, por ello, debe impulsar una reforma legislativa que proh\u00edba el cultivo de ma\u00edz transg\u00e9nico en el pa\u00eds y fortalezca el apoyo a la producci\u00f3n nacional promoviendo su diversificaci\u00f3n, afirm\u00f3 el presidente de la Junta de Coordinaci\u00f3n Pol\u00edtica (Jucopo) de la C\u00e1mara de Diputados, Ricardo Monreal \u00c1vila.<\/p>\n<p>Indic\u00f3 que el ma\u00edz es un elemento fundamental de la identidad nacional, los arraiga a una historia milenaria y es v\u00ednculo con las tradiciones culturales y la riqueza culinaria. De ah\u00ed que, la defensa del ma\u00edz nativo se enmarca en la lucha por la preservaci\u00f3n de la diversidad biol\u00f3gica y cultural de M\u00e9xico frente a los modelos agroindustriales de producci\u00f3n masiva.<\/p>\n<p>\u201cEs nuestro derecho tomar decisiones soberanas en materia de alimentaci\u00f3n y agricultura. La prohibici\u00f3n del cultivo de ma\u00edz transg\u00e9nico no s\u00f3lo es una medida para proteger nuestra biodiversidad y salud, sino una forma de fortalecer la producci\u00f3n nacional de ma\u00edz, apoyar a las y los productores nacionales, promover su diversificaci\u00f3n y reducir la dependencia de las importaciones\u201d, aclar\u00f3.<\/p>\n<p>El tambi\u00e9n coordinador del grupo parlamentario de Morena inform\u00f3 que se est\u00e1 preparando la iniciativa de reforma a la Constituci\u00f3n en la materia. \u201cYa sea que la iniciativa pueda presentarla la presidenta de la Rep\u00fablica, Claudia Sheinbaum Pardo, en su car\u00e1cter de iniciadora de leyes, o los propios legisladores, pero nos une un prop\u00f3sito com\u00fan: el ma\u00edz, porque \u2018sin ma\u00edz, no hay pa\u00eds\u2019\u201d.<\/p>\n","protected":false},"excerpt":{"rendered":"<p>\ud83d\udd38 Indic\u00f3 que el ma\u00edz es un elemento fundamental de la identidad nacional, los arraiga&#8230;<\/p>\n","protected":false},"author":1,"featured_media":27693,"comment_status":"open","ping_status":"closed","sticky":false,"template":"","format":"standard","meta":{"footnotes":""},"categories":[2],"tags":[],"class_list":["post-27691","post","type-post","status-publish","format-standard","has-post-thumbnail","hentry","category-nacional"],"_links":{"self":[{"href":"https:\/\/newsqr.com.mx\/index.php?rest_route=\/wp\/v2\/posts\/27691","targetHints":{"allow":["GET"]}}],"collection":[{"href":"https:\/\/newsqr.com.mx\/index.php?rest_route=\/wp\/v2\/posts"}],"about":[{"href":"https:\/\/newsqr.com.mx\/index.php?rest_route=\/wp\/v2\/types\/post"}],"author":[{"embeddable":true,"href":"https:\/\/newsqr.com.mx\/index.php?rest_route=\/wp\/v2\/users\/1"}],"replies":[{"embeddable":true,"href":"https:\/\/newsqr.com.mx\/index.php?rest_route=%2Fwp%2Fv2%2Fcomments&post=27691"}],"version-history":[{"count":1,"href":"https:\/\/newsqr.com.mx\/index.php?rest_route=\/wp\/v2\/posts\/27691\/revisions"}],"predecessor-version":[{"id":27692,"href":"https:\/\/newsqr.com.mx\/index.php?rest_route=\/wp\/v2\/posts\/27691\/revisions\/27692"}],"wp:featuredmedia":[{"embeddable":true,"href":"https:\/\/newsqr.com.mx\/index.php?rest_route=\/wp\/v2\/media\/27693"}],"wp:attachment":[{"href":"https:\/\/newsqr.com.mx\/index.php?rest_route=%2Fwp%2Fv2%2Fmedia&parent=27691"}],"wp:term":[{"taxonomy":"category","embeddable":true,"href":"https:\/\/newsqr.com.mx\/index.php?rest_route=%2Fwp%2Fv2%2Fcategories&post=27691"},{"taxonomy":"post_tag","embeddable":true,"href":"https:\/\/newsqr.com.mx\/index.php?rest_route=%2Fwp%2Fv2%2Ftags&post=27691"}],"curies":[{"name":"wp","href":"https:\/\/api.w.org\/{rel}","templated":true}]}}