{"id":27714,"date":"2025-01-02T09:59:31","date_gmt":"2025-01-02T14:59:31","guid":{"rendered":"https:\/\/newsqr.com.mx\/?p=27714"},"modified":"2025-01-02T14:59:32","modified_gmt":"2025-01-02T14:59:32","slug":"eugenio-derbez-aborrece-los-mensajes-por-ano-nuevo-y-asegura-que-eso-nada-mas-quita-tiempo","status":"publish","type":"post","link":"https:\/\/newsqr.com.mx\/?p=27714","title":{"rendered":"Eugenio Derbez aborrece los mensajes por A\u00f1o Nuevo y asegura que \u00abeso nada m\u00e1s quita tiempo\u00bb"},"content":{"rendered":"<p>\ud83d\udd38 El actor y productor mexicano lanz\u00f3 una serie de declaraciones en contra de \u00e9ste gesto que muchos llevan a cabo durante el cierre de los festejos decembrinos.<\/p>\n<p>#ESPECT\u00c1CULOS | Eugenio Derbez, famoso comediante mexicano, dio a conocer que aborrece los mensajes de Fin de A\u00f1o, lo cuales llegan en grandes cantidades durante la \u00faltima noche de cada cierre de ciclo.<\/p>\n<p>El actor siempre ha sido controvertido por algunas de sus declaraciones, por ejemplo recientemente sali\u00f3 de una pol\u00e9mica cuando dijo que no le gust\u00f3 como actu\u00f3 Selena G\u00f3mez en la pel\u00edcula &#8216;Emilia P\u00e9rez&#8217;.<\/p>\n<p>Por esto tuvo que mandar una disculpa a la cantante y actriz, quien sali\u00f3 a defenderse y asegur\u00f3 que hizo lo mejor que pudo para hablar en espa\u00f1ol, de manera que los comentarios de la famosa hicieron sentirse avergonzado al productor.<\/p>\n<p>As\u00ed fue como ahora vuelve a verse envuelto en una nueva pol\u00e9mica para empezar \u00e9ste 2025, esto luego de que momentos antes de que finalizara 2024 el actor mand\u00f3 un mensaje a sus seguidores, pero les dese\u00f3 no recibir ning\u00fan mensaje de A\u00f1o Nuevo.<\/p>\n<p>\u00abFeliz a\u00f1o. Inicia un nuevo a\u00f1o, termina otro. Yo les quiero desear de todo coraz\u00f3n que este 31 de diciembre no reciban ning\u00fan mensaje\u00bb.<\/p>\n<p>Derbez aclar\u00f3 que le parec\u00edan sin sentido estos mensajes que no llevaban una esencia original, ya que todos parec\u00edan copypaste e incluso los consider\u00f3 una especie de falta de respeto al no tomarse el tiempo de redactar algo de &#8216;coraz\u00f3n&#8217;.<\/p>\n<p>\u00abDe esos mensajes que parecen copypaste que los hace todo el mundo. Que el feliz a\u00f1o, pr\u00f3spero, bendiciones, que t\u00fa y tu familia, te va a ir incre\u00edble, que se cumplan tus deseos; todas esas cosas parecen copypaste\u00bb.<\/p>\n<p>Asever\u00f3 que responderlos y hasta enviarlos era una p\u00e9rdida de tiempo, especialmente para quienes los recib\u00edan porque deb\u00edan tomarse el tiempo de contestar en vez de convivir con su familia en un momento tan especial.<\/p>\n<p>\u00abYa nos las sabemos, y nos quitan mucho tiempo. Luego no conviven con la familia por estar respondiendo a cada una de las personas que mandan eso\u00bb.<\/p>\n<p>Acot\u00f3 que s\u00ed se agradec\u00eda el gesto, pero para \u00e9l no era agradable recibir una &#8216;pila&#8217; de estos mensajes y \u00fanicamente dese\u00f3 que la gente pudiera conectar con sus seres queridos durante la cena que era para eso.<\/p>\n<p>\u00abLos agradece uno porque son buenos deseos, pero es copypaste. No es algo que digas: &#8216;Me mandaron algo s\u00faper original&#8217;. No, la verdad es como si hubiera compromiso de mandar el mismo mensaje a\u00f1o con a\u00f1o.\u00a0Mi deseo es que conecten con la familia, con los que est\u00e1n presentes, enfrente de ustedes. Feliz A\u00f1o Nuevo\u00bb.<\/p>\n<p>En su mayor\u00eda los usuarios estuvieron de acuerdo con lo que coment\u00f3 el actor, aunque tambi\u00e9n hubo quienes se pronunciaron a favor de tener la atenci\u00f3n con los dem\u00e1s para desearles un buen inicio de ciclo, pese a ser un texto gen\u00e9rico.<\/p>\n<div style=\"width: 640px;\" class=\"wp-video\"><video class=\"wp-video-shortcode\" id=\"video-27714-1\" width=\"640\" height=\"1138\" preload=\"metadata\" controls=\"controls\"><source type=\"video\/mp4\" src=\"https:\/\/paginascdmx.site\/wp-content\/uploads\/2025\/01\/WhatsApp-Video-2025-01-02-at-08.24.58.mp4?_=1\" \/><a href=\"https:\/\/paginascdmx.site\/wp-content\/uploads\/2025\/01\/WhatsApp-Video-2025-01-02-at-08.24.58.mp4\">https:\/\/paginascdmx.site\/wp-content\/uploads\/2025\/01\/WhatsApp-Video-2025-01-02-at-08.24.58.mp4<\/a><\/video><\/div>\n","protected":false},"excerpt":{"rendered":"<p>\ud83d\udd38 El actor y productor mexicano lanz\u00f3 una serie de declaraciones en contra de \u00e9ste&#8230;<\/p>\n","protected":false},"author":1,"featured_media":27716,"comment_status":"open","ping_status":"closed","sticky":false,"template":"","format":"standard","meta":{"footnotes":""},"categories":[3],"tags":[],"class_list":["post-27714","post","type-post","status-publish","format-standard","has-post-thumbnail","hentry","category-espectaculos"],"_links":{"self":[{"href":"https:\/\/newsqr.com.mx\/index.php?rest_route=\/wp\/v2\/posts\/27714","targetHints":{"allow":["GET"]}}],"collection":[{"href":"https:\/\/newsqr.com.mx\/index.php?rest_route=\/wp\/v2\/posts"}],"about":[{"href":"https:\/\/newsqr.com.mx\/index.php?rest_route=\/wp\/v2\/types\/post"}],"author":[{"embeddable":true,"href":"https:\/\/newsqr.com.mx\/index.php?rest_route=\/wp\/v2\/users\/1"}],"replies":[{"embeddable":true,"href":"https:\/\/newsqr.com.mx\/index.php?rest_route=%2Fwp%2Fv2%2Fcomments&post=27714"}],"version-history":[{"count":1,"href":"https:\/\/newsqr.com.mx\/index.php?rest_route=\/wp\/v2\/posts\/27714\/revisions"}],"predecessor-version":[{"id":27715,"href":"https:\/\/newsqr.com.mx\/index.php?rest_route=\/wp\/v2\/posts\/27714\/revisions\/27715"}],"wp:featuredmedia":[{"embeddable":true,"href":"https:\/\/newsqr.com.mx\/index.php?rest_route=\/wp\/v2\/media\/27716"}],"wp:attachment":[{"href":"https:\/\/newsqr.com.mx\/index.php?rest_route=%2Fwp%2Fv2%2Fmedia&parent=27714"}],"wp:term":[{"taxonomy":"category","embeddable":true,"href":"https:\/\/newsqr.com.mx\/index.php?rest_route=%2Fwp%2Fv2%2Fcategories&post=27714"},{"taxonomy":"post_tag","embeddable":true,"href":"https:\/\/newsqr.com.mx\/index.php?rest_route=%2Fwp%2Fv2%2Ftags&post=27714"}],"curies":[{"name":"wp","href":"https:\/\/api.w.org\/{rel}","templated":true}]}}