{"id":27774,"date":"2025-01-07T10:28:06","date_gmt":"2025-01-07T15:28:06","guid":{"rendered":"https:\/\/newsqr.com.mx\/?p=27774"},"modified":"2025-01-07T15:28:08","modified_gmt":"2025-01-07T15:28:08","slug":"defenderan-a-paisanos-en-estados-unidos-2-mil-610-abogados","status":"publish","type":"post","link":"https:\/\/newsqr.com.mx\/?p=27774","title":{"rendered":"Defender\u00e1n a paisanos en Estados Unidos 2 mil 610 abogados"},"content":{"rendered":"<p>\ud83d\udd38 El canciller dijo a los diplom\u00e1ticos que su misi\u00f3n fundamental es proyectar un M\u00e9xico que est\u00e1 en transformaci\u00f3n y defender la soberan\u00eda de la naci\u00f3n.<\/p>\n<p>#CDMX | El canciller Juan Ram\u00f3n de la Fuente pidi\u00f3 a los consulados de M\u00e9xico en Estados Unidos desplegar \u201ccon toda su energ\u00eda\u201d la mejor diplomacia posible para que ser una fuente de apoyo, confianza y defensa de los mexicanos que viven en ese pa\u00eds.<\/p>\n<p>Al encabezar la inauguraci\u00f3n de la Reuni\u00f3n de titulares de embajadas y consulados 2025\u00a0que durar\u00e1 tres d\u00edas, anunci\u00f3 que la red consular de M\u00e9xico en EU\u00a0desplegar\u00e1 un \u201cej\u00e9rcito de 2 mil 610 abogados para dar asistencia legal a los connacionales\u201d.<\/p>\n<p>\u201cLes pido que desplieguen con toda su energ\u00eda esa mejor diplomacia\u00a0posible, que estos \u00faltimos 200 a\u00f1os de existencia que tienen nuestros consulados en Estados Unidos\u00a0que\u00a0es la red consular m\u00e1s grande que un pa\u00eds tiene en cualquier\u00a0otro sea una fuente de apoyo, confianza y defensa de nuestros principios y de los derechos de nuestros connacionales\u201d.<\/p>\n<p>De la Fuente record\u00f3 que ya se contrataron 325 asesor\u00edas externas y se han hecho alianzas con escuelas y departamentos de Derecho de universidades para trabajar solidariamente en los consulados. Adem\u00e1s,\u00a0detall\u00f3 que se\u00a0cubri\u00f3\u00a091 por ciento de las vacantes\u00a0en la red para garantizar el apoyo a los mexicanos en EU.<\/p>\n<p>\u201cLa fuerza jur\u00eddica que hemos concentrado en los consulados, los equipos jur\u00eddicos, incluyendo abogados y asistentes, suman 2 mil 610, y si se requieren m\u00e1s, incorporaremos m\u00e1s\u201d, apunt\u00f3.<br \/>\nEn conferencia de prensa, dijo que el gobierno est\u00e1 preparado con abogados de los consulados y con aliados de diferentes organizaciones para velar por los derechos de los mexicanos en EU.<\/p>\n<p>\u201cEste ej\u00e9rcito de equipos jur\u00eddicos va no solamente en asesor\u00edas contratadas, sino en estas alianzas locales y comunitarias que est\u00e1n haciendo los c\u00f3nsules, por eso pusimos en marcha un observatorio de las leyes antimigrantes\u201d, destac\u00f3 De la Fuente.<\/p>\n<p>Por otra parte, el canciller inform\u00f3 que los\u00a0pr\u00f3ximos 15 y 16 de enero se llevar\u00e1n a cabo reuniones\u00a0con representantes de pa\u00edses de Am\u00e9rica Latina\u00a0 para abordar el fen\u00f3meno migratorio en la regi\u00f3n.<\/p>\n<p>\u201cYa les daremos en su momento los pormenores; ser\u00e1n los d\u00edas 15 y 16 (de enero), entonces hay tiempo para que un poco m\u00e1s adelante les demos los detalles.<\/p>\n<p>\u201cVa a ser una reuni\u00f3n mixta, una parte va a ser presencial\u00a0sobre todo de viceministros aqu\u00ed en Ciudad de M\u00e9xico\u2014 y despu\u00e9s habr\u00e1 una sesi\u00f3n de clausura que ser\u00e1 fundamentalmente a nivel ministerial\u2014, a trav\u00e9s de una conexi\u00f3n remota.<\/p>\n<p>La semana pasada, la presidenta Claudia Sheinbaum propuso un encuentro entre cancilleres de Am\u00e9rica Latina para abordar los retos de la migraci\u00f3n ante la llegada de Donald Trump a la Casa Blanca.<\/p>\n<p>Al respecto, De la Fuente asegur\u00f3 que \u201cahora que entre en funciones el nuevo presidente (de EU) y su equipo, pues que nos puedan permitir seguir avanzando en estas l\u00edneas que son coordinaci\u00f3n \u2014toda la que se requiera\u2014\u00a0y cooperaci\u00f3n, por supuesto.<\/p>\n<p>\u201cHay una agenda bilateral que tendr\u00e1 que revisarse, pero tambi\u00e9n es muy claro que no habr\u00e1 subordinaci\u00f3n y que nuestros principios constitucionales son los que marcan la pol\u00edtica exterior de M\u00e9xico\u201d, advirti\u00f3 el titular de la canciller\u00eda.<\/p>\n<p>En ese sentido, presumi\u00f3\u00a0que en la canciller\u00eda est\u00e1n preparados para cualquier situaci\u00f3n, pues\u00a0ya se han tomado todas las medidas preventivas, tanto de atenci\u00f3n a los migrantes como de conversaciones con otros pa\u00edses, incluyendo al equipo de Donald Trump.<\/p>\n<p>Asimismo, De la Fuente consider\u00f3 necesario revisar con otros pa\u00edses el contexto\u00a0en que se est\u00e1 dando la migraci\u00f3n\u00a0irregular en la regi\u00f3n y destac\u00f3 la urgencia de llevar a cabo estos\u00a0encuentros que, asegur\u00f3, ser\u00e1n para analizar y entender los datos que arroja este\u00a0fen\u00f3meno.<\/p>\n","protected":false},"excerpt":{"rendered":"<p>\ud83d\udd38 El canciller dijo a los diplom\u00e1ticos que su misi\u00f3n fundamental es proyectar un M\u00e9xico&#8230;<\/p>\n","protected":false},"author":1,"featured_media":27776,"comment_status":"open","ping_status":"closed","sticky":false,"template":"","format":"standard","meta":{"footnotes":""},"categories":[25],"tags":[],"class_list":["post-27774","post","type-post","status-publish","format-standard","has-post-thumbnail","hentry","category-cdmx"],"_links":{"self":[{"href":"https:\/\/newsqr.com.mx\/index.php?rest_route=\/wp\/v2\/posts\/27774","targetHints":{"allow":["GET"]}}],"collection":[{"href":"https:\/\/newsqr.com.mx\/index.php?rest_route=\/wp\/v2\/posts"}],"about":[{"href":"https:\/\/newsqr.com.mx\/index.php?rest_route=\/wp\/v2\/types\/post"}],"author":[{"embeddable":true,"href":"https:\/\/newsqr.com.mx\/index.php?rest_route=\/wp\/v2\/users\/1"}],"replies":[{"embeddable":true,"href":"https:\/\/newsqr.com.mx\/index.php?rest_route=%2Fwp%2Fv2%2Fcomments&post=27774"}],"version-history":[{"count":1,"href":"https:\/\/newsqr.com.mx\/index.php?rest_route=\/wp\/v2\/posts\/27774\/revisions"}],"predecessor-version":[{"id":27775,"href":"https:\/\/newsqr.com.mx\/index.php?rest_route=\/wp\/v2\/posts\/27774\/revisions\/27775"}],"wp:featuredmedia":[{"embeddable":true,"href":"https:\/\/newsqr.com.mx\/index.php?rest_route=\/wp\/v2\/media\/27776"}],"wp:attachment":[{"href":"https:\/\/newsqr.com.mx\/index.php?rest_route=%2Fwp%2Fv2%2Fmedia&parent=27774"}],"wp:term":[{"taxonomy":"category","embeddable":true,"href":"https:\/\/newsqr.com.mx\/index.php?rest_route=%2Fwp%2Fv2%2Fcategories&post=27774"},{"taxonomy":"post_tag","embeddable":true,"href":"https:\/\/newsqr.com.mx\/index.php?rest_route=%2Fwp%2Fv2%2Ftags&post=27774"}],"curies":[{"name":"wp","href":"https:\/\/api.w.org\/{rel}","templated":true}]}}