{"id":27777,"date":"2025-01-07T10:41:25","date_gmt":"2025-01-07T15:41:25","guid":{"rendered":"https:\/\/newsqr.com.mx\/?p=27777"},"modified":"2025-01-07T15:41:27","modified_gmt":"2025-01-07T15:41:27","slug":"gobierno-de-mexico-lanza-campana-en-contra-de-las-drogas-y-el-fentanilo","status":"publish","type":"post","link":"https:\/\/newsqr.com.mx\/?p=27777","title":{"rendered":"Gobierno de M\u00e9xico lanza campa\u00f1a en contra de las drogas y el fentanilo"},"content":{"rendered":"<p>\ud83d\udd38 Claudia Sheinbaum inform\u00f3 que Leticia Ram\u00edrez Amaya, coordinadora general de Asuntos Intergubernamentales y de Atenci\u00f3n Ciudadana, coordinar\u00e1 toda la campa\u00f1a<\/p>\n<p>#NACIONAL | El Gobierno de M\u00e9xico lanz\u00f3 la campa\u00f1a nacional y permanente \u201c\u00a1Al\u00e9jate de las drogas el fentanilo te mata!\u201d Enfocada en los estudiantes y j\u00f3venes. En la conferencia de prensa matutina, la presidenta Claudia Sheinbaum Pardo inform\u00f3 que la campa\u00f1a inicia este martes.<\/p>\n<p>Inform\u00f3 que Leticia Ram\u00edrez Amaya, coordinadora general de Asuntos Intergubernamentales y de Atenci\u00f3n Ciudadana, est\u00e1 coordinando toda la campa\u00f1a.<\/p>\n<p>Adem\u00e1s, se present\u00f3 una miniserie con cap\u00edtulos de 5 minutos en la que se detalla c\u00f3mo inicio de la crisis de adicciones de los opioides en Estados Unidos. Leticia Ram\u00edrez Amaya detall\u00f3 que la campa\u00f1a de prevenci\u00f3n de adicciones \u201cAl\u00e9jate de las drogas. El fentanilo te mata\u201d tiene dos ejes como la prevenci\u00f3n y la atenci\u00f3n.<\/p>\n<p>Combaten adicciones en j\u00f3venes<br \/>\nIndic\u00f3 que con la prevenci\u00f3n la atender\u00e1 particularmente la Secretar\u00eda de Educaci\u00f3n P\u00fablica apoyada por la Secretar\u00eda de Cultura y la de atenci\u00f3n ser\u00e1 coordinada por el sector salud.<\/p>\n<p>\u201cEs una campa\u00f1a preventiva nacional y permanente est\u00e1 dirigida a las j\u00f3venes y a los j\u00f3venes a las adolescentes y a los adolescentes y a las familias de todo el pa\u00eds todos vamos a participar todos podemos colaborar en el marco de la estrategia de construcci\u00f3n de paz\u201d, a\u00f1adi\u00f3<\/p>\n<p>Se present\u00f3 la l\u00ednea de la vida 800 911 2000. Durante la conferencia tambi\u00e9n se presentaron los mensajes que se transmitir\u00e1n en los medios y las redes sociales.<\/p>\n","protected":false},"excerpt":{"rendered":"<p>\ud83d\udd38 Claudia Sheinbaum inform\u00f3 que Leticia Ram\u00edrez Amaya, coordinadora general de Asuntos Intergubernamentales y de&#8230;<\/p>\n","protected":false},"author":1,"featured_media":27779,"comment_status":"open","ping_status":"closed","sticky":false,"template":"","format":"standard","meta":{"footnotes":""},"categories":[2],"tags":[],"class_list":["post-27777","post","type-post","status-publish","format-standard","has-post-thumbnail","hentry","category-nacional"],"_links":{"self":[{"href":"https:\/\/newsqr.com.mx\/index.php?rest_route=\/wp\/v2\/posts\/27777","targetHints":{"allow":["GET"]}}],"collection":[{"href":"https:\/\/newsqr.com.mx\/index.php?rest_route=\/wp\/v2\/posts"}],"about":[{"href":"https:\/\/newsqr.com.mx\/index.php?rest_route=\/wp\/v2\/types\/post"}],"author":[{"embeddable":true,"href":"https:\/\/newsqr.com.mx\/index.php?rest_route=\/wp\/v2\/users\/1"}],"replies":[{"embeddable":true,"href":"https:\/\/newsqr.com.mx\/index.php?rest_route=%2Fwp%2Fv2%2Fcomments&post=27777"}],"version-history":[{"count":1,"href":"https:\/\/newsqr.com.mx\/index.php?rest_route=\/wp\/v2\/posts\/27777\/revisions"}],"predecessor-version":[{"id":27778,"href":"https:\/\/newsqr.com.mx\/index.php?rest_route=\/wp\/v2\/posts\/27777\/revisions\/27778"}],"wp:featuredmedia":[{"embeddable":true,"href":"https:\/\/newsqr.com.mx\/index.php?rest_route=\/wp\/v2\/media\/27779"}],"wp:attachment":[{"href":"https:\/\/newsqr.com.mx\/index.php?rest_route=%2Fwp%2Fv2%2Fmedia&parent=27777"}],"wp:term":[{"taxonomy":"category","embeddable":true,"href":"https:\/\/newsqr.com.mx\/index.php?rest_route=%2Fwp%2Fv2%2Fcategories&post=27777"},{"taxonomy":"post_tag","embeddable":true,"href":"https:\/\/newsqr.com.mx\/index.php?rest_route=%2Fwp%2Fv2%2Ftags&post=27777"}],"curies":[{"name":"wp","href":"https:\/\/api.w.org\/{rel}","templated":true}]}}